{"id":97450,"date":"2026-01-12T08:55:05","date_gmt":"2026-01-12T11:55:05","guid":{"rendered":"https:\/\/www.radioamigavallenar.cl\/?p=97450"},"modified":"2026-01-12T12:13:32","modified_gmt":"2026-01-12T15:13:32","slug":"fallecio-el-padre-aquiles-altamirano","status":"publish","type":"post","link":"https:\/\/www.radioamigavallenar.cl\/?p=97450","title":{"rendered":"Conmoci\u00f3n en Vallenar por fallecimiento del Padre Aquiles Altamirano Herrera."},"content":{"rendered":"<p>El Obispado de Copiap\u00f3 inform\u00f3 la noche de este domingo el fallecimiento del Padre Aquiles Altamirano :<\/p>\n<p>\u00abCon profundo pesar, pero con la esperanza en el Dios de la Vida, informamos a la comunidad el fallecimiento del querido p. Aquiles Altamirano Herrera, en la ciudad de Vallenar, a la edad de 82 a\u00f1os.<\/p>\n<p>El Padre Aquiles Altamirano Herrera naci\u00f3 en Freirina el 27 de noviembre de 1942, hijo de Luis y Eduarda. Desde muy peque\u00f1o acompa\u00f1aba a su madre a la Eucarist\u00eda, y en ese caminar sencillo y fiel fue naciendo en su coraz\u00f3n un profundo amor por la vida religiosa.<\/p>\n<div class=\"code-block code-block-5\">\n<div id=\"sas_99435\"><\/div>\n<\/div>\n<p>Antes de responder plenamente al llamado sacerdotal, desempe\u00f1\u00f3 diversos oficios \u2014fue mueblista, operador de cine, profesor y director del Duoc de Freirina\u2014 experiencias que fueron forjando su cercan\u00eda con las personas y su mirada atenta a la vida cotidiana.<\/p>\n<p>En 1957 ingres\u00f3 a la Compa\u00f1\u00eda de Jes\u00fas, donde permaneci\u00f3 durante tres a\u00f1os. M\u00e1s tarde, en 1960, se integr\u00f3 al Instituto Secular Oblatos Diocesanos, fundado por el Padre Agust\u00edn Elizalde, movido por su deseo de ser Hermano y servir humildemente en las parroquias.<\/p>\n<p>Con el paso del tiempo, y ya consagrado a la vida religiosa, el Padre Aquiles discerni\u00f3 el llamado al sacerdocio. Con el apoyo del entonces obispo de Copiap\u00f3, Monse\u00f1or Fernando Arizt\u00eda, y la aprobaci\u00f3n de los Oblatos Diocesanos, ingres\u00f3 al Seminario para realizar sus estudios de preparaci\u00f3n entre los a\u00f1os 1978 y 1981 en el Seminario Pontificio, siendo posteriormente destinado al preseminario que funcionaba en la casa parroquial de Punta Negra, en Copiap\u00f3. El 12 de diciembre de 1982 recibi\u00f3 el Diaconado en la Iglesia Santa Rosa de Lima de Freirina.<\/p>\n<p>Fue ordenado sacerdote el 16 de octubre de 1983 en Copiap\u00f3, en una Catedral colmada de familiares y amigos que acompa\u00f1aron con alegr\u00eda y emoci\u00f3n ese significativo momento.<\/p>\n<p>A lo largo de su fecundo ministerio pastoral, sirvi\u00f3 con dedicaci\u00f3n y cari\u00f1o en las parroquias Santa Cruz de Vallenar, en Copiap\u00f3 en las parroquias San Jos\u00e9 Obrero, Sant\u00edsima Trinidad, Nuestra Se\u00f1ora de La Candelaria, nuevamente en Vallenar en Inmaculado Coraz\u00f3n de Mar\u00eda y San Ambrosio, dejando en cada una de ellas una huella profunda de cercan\u00eda y servicio.<\/p>\n<p>Como estrecho colaborador de don Fernando Arizt\u00eda, desempe\u00f1\u00f3 tambi\u00e9n importantes responsabilidades en la Di\u00f3cesis, siendo administrador de bienes, Vicario de Pastoral y Vicario General. Asimismo, ejerci\u00f3 su ministerio como capell\u00e1n del Regimiento de Copiap\u00f3 y de los Liceos Sagrado Coraz\u00f3n, Liceo Cat\u00f3lico Atacama y del Liceo San Francisco de Vallenar.<\/p>\n<p>Hoy, 11 de enero, ha partido a la Casa del Padre, dejando un recuerdo indeleble de fraternidad, sencillez y cercan\u00eda entre sus hermanos sacerdotes y las comunidades a las que sirvi\u00f3 con amor de pastor\u00bb.<\/p>\n","protected":false},"excerpt":{"rendered":"<p>El Obispado de Copiap\u00f3 inform\u00f3 la noche de este domingo el fallecimiento del Padre Aquiles Altamirano : \u00abCon profundo pesar, pero con la esperanza en&hellip; <\/p>\n","protected":false},"author":7,"featured_media":97451,"comment_status":"closed","ping_status":"closed","sticky":false,"template":"","format":"standard","meta":{"footnotes":""},"categories":[38],"tags":[],"class_list":["post-97450","post","type-post","status-publish","format-standard","has-post-thumbnail","hentry","category-portada-regional"],"_links":{"self":[{"href":"https:\/\/www.radioamigavallenar.cl\/index.php?rest_route=\/wp\/v2\/posts\/97450","targetHints":{"allow":["GET"]}}],"collection":[{"href":"https:\/\/www.radioamigavallenar.cl\/index.php?rest_route=\/wp\/v2\/posts"}],"about":[{"href":"https:\/\/www.radioamigavallenar.cl\/index.php?rest_route=\/wp\/v2\/types\/post"}],"author":[{"embeddable":true,"href":"https:\/\/www.radioamigavallenar.cl\/index.php?rest_route=\/wp\/v2\/users\/7"}],"replies":[{"embeddable":true,"href":"https:\/\/www.radioamigavallenar.cl\/index.php?rest_route=%2Fwp%2Fv2%2Fcomments&post=97450"}],"version-history":[{"count":3,"href":"https:\/\/www.radioamigavallenar.cl\/index.php?rest_route=\/wp\/v2\/posts\/97450\/revisions"}],"predecessor-version":[{"id":97454,"href":"https:\/\/www.radioamigavallenar.cl\/index.php?rest_route=\/wp\/v2\/posts\/97450\/revisions\/97454"}],"wp:featuredmedia":[{"embeddable":true,"href":"https:\/\/www.radioamigavallenar.cl\/index.php?rest_route=\/wp\/v2\/media\/97451"}],"wp:attachment":[{"href":"https:\/\/www.radioamigavallenar.cl\/index.php?rest_route=%2Fwp%2Fv2%2Fmedia&parent=97450"}],"wp:term":[{"taxonomy":"category","embeddable":true,"href":"https:\/\/www.radioamigavallenar.cl\/index.php?rest_route=%2Fwp%2Fv2%2Fcategories&post=97450"},{"taxonomy":"post_tag","embeddable":true,"href":"https:\/\/www.radioamigavallenar.cl\/index.php?rest_route=%2Fwp%2Fv2%2Ftags&post=97450"}],"curies":[{"name":"wp","href":"https:\/\/api.w.org\/{rel}","templated":true}]}}