{"id":97447,"date":"2026-01-12T08:37:51","date_gmt":"2026-01-12T11:37:51","guid":{"rendered":"https:\/\/www.radioamigavallenar.cl\/?p=97447"},"modified":"2026-01-12T11:34:19","modified_gmt":"2026-01-12T14:34:19","slug":"municipio-de-copiapo-inicio-proceso-de-pago-de-patentes-comerciales-hasta-el-31-de-enero","status":"publish","type":"post","link":"https:\/\/www.radioamigavallenar.cl\/?p=97447","title":{"rendered":"Municipio de Copiap\u00f3 inici\u00f3 proceso de pago de patentes comerciales hasta el 31 de enero"},"content":{"rendered":"<p>El tr\u00e1mite correspondiente al primer semestre 2026 puede realizarse de forma presencial y online hasta el 31 de enero.<\/p>\n<p>Desde este lunes 12 de enero se encuentra habilitado el proceso de pago de patentes correspondientes al primer semestre del a\u00f1o tributario 2026, tr\u00e1mite que se extender\u00e1 hasta el 31 de enero.<\/p>\n<p>Este proceso considera el pago de los siguientes tipos de patentes municipales: comerciales, destinadas a actividades de compra y venta de bienes; profesionales, asociadas al ejercicio de profesiones liberales; industriales, vinculadas a actividades de producci\u00f3n o manufactura; microempresas familiares (MEF), correspondientes a peque\u00f1os negocios que operan desde el domicilio; y patentes de alcoholes, que autorizan el expendio de bebidas alcoh\u00f3licas en establecimientos como botiller\u00edas, bares y restaurantes.<\/p>\n<p>El pago puede realizarse de manera presencial en la Oficina de Patentes Comerciales, ubicada en el edificio consistorial, en horario de 08:00 a 14:00 horas, de lunes a viernes. Asimismo, se encuentra disponible la modalidad online a trav\u00e9s del sistema Vecino Digital, ingresando a la p\u00e1gina web: https:\/\/copiapo.vecinodigital.cl\/Vecino_Digital\/.<\/p>\n<p>Desde el municipio recordaron que, de acuerdo con la normativa vigente, el derecho a funcionar debe cancelarse dentro del plazo establecido, a fin de evitar recargos, multas o intereses, conforme a lo dispuesto en el C\u00f3digo Tributario.<\/p>\n<p>Al respecto, el alcalde de Copiap\u00f3, Maglio Cicardini Neyra, destac\u00f3 la relevancia de este proceso para la comuna, se\u00f1alando que \u201cesta recaudaci\u00f3n es de suma importancia para el crecimiento y el desarrollo de nuestra comuna\u201d, adem\u00e1s de invitar a las y los contribuyentes a realizar el tr\u00e1mite con anticipaci\u00f3n y no esperar los \u00faltimos d\u00edas del plazo.<\/p>\n<p>Finalmente, la Municipalidad de Copiap\u00f3 reiter\u00f3 el llamado a cumplir con este proceso dentro de los plazos establecidos, tanto de manera presencial como a trav\u00e9s de la plataforma digital habilitada.<\/p>\n","protected":false},"excerpt":{"rendered":"<p>El tr\u00e1mite correspondiente al primer semestre 2026 puede realizarse de forma presencial y online hasta el 31 de enero. Desde este lunes 12 de enero&hellip; <\/p>\n","protected":false},"author":7,"featured_media":97448,"comment_status":"closed","ping_status":"closed","sticky":false,"template":"","format":"standard","meta":{"footnotes":""},"categories":[38],"tags":[],"class_list":["post-97447","post","type-post","status-publish","format-standard","has-post-thumbnail","hentry","category-portada-regional"],"_links":{"self":[{"href":"https:\/\/www.radioamigavallenar.cl\/index.php?rest_route=\/wp\/v2\/posts\/97447","targetHints":{"allow":["GET"]}}],"collection":[{"href":"https:\/\/www.radioamigavallenar.cl\/index.php?rest_route=\/wp\/v2\/posts"}],"about":[{"href":"https:\/\/www.radioamigavallenar.cl\/index.php?rest_route=\/wp\/v2\/types\/post"}],"author":[{"embeddable":true,"href":"https:\/\/www.radioamigavallenar.cl\/index.php?rest_route=\/wp\/v2\/users\/7"}],"replies":[{"embeddable":true,"href":"https:\/\/www.radioamigavallenar.cl\/index.php?rest_route=%2Fwp%2Fv2%2Fcomments&post=97447"}],"version-history":[{"count":1,"href":"https:\/\/www.radioamigavallenar.cl\/index.php?rest_route=\/wp\/v2\/posts\/97447\/revisions"}],"predecessor-version":[{"id":97449,"href":"https:\/\/www.radioamigavallenar.cl\/index.php?rest_route=\/wp\/v2\/posts\/97447\/revisions\/97449"}],"wp:featuredmedia":[{"embeddable":true,"href":"https:\/\/www.radioamigavallenar.cl\/index.php?rest_route=\/wp\/v2\/media\/97448"}],"wp:attachment":[{"href":"https:\/\/www.radioamigavallenar.cl\/index.php?rest_route=%2Fwp%2Fv2%2Fmedia&parent=97447"}],"wp:term":[{"taxonomy":"category","embeddable":true,"href":"https:\/\/www.radioamigavallenar.cl\/index.php?rest_route=%2Fwp%2Fv2%2Fcategories&post=97447"},{"taxonomy":"post_tag","embeddable":true,"href":"https:\/\/www.radioamigavallenar.cl\/index.php?rest_route=%2Fwp%2Fv2%2Ftags&post=97447"}],"curies":[{"name":"wp","href":"https:\/\/api.w.org\/{rel}","templated":true}]}}