{"id":97443,"date":"2026-01-12T10:36:42","date_gmt":"2026-01-12T13:36:42","guid":{"rendered":"https:\/\/www.radioamigavallenar.cl\/?p=97443"},"modified":"2026-01-12T10:37:39","modified_gmt":"2026-01-12T13:37:39","slug":"hacienda-modifica-amarre-el-derecho-a-reclamo-sera-para-funcionarios-con-al-menos-cinco-anos-de-antiguedad","status":"publish","type":"post","link":"https:\/\/www.radioamigavallenar.cl\/?p=97443","title":{"rendered":"Hacienda modifica \u00abamarre\u00bb: El \u00abderecho a reclamo\u00bb ser\u00e1 para funcionarios con al menos cinco a\u00f1os de antig\u00fcedad"},"content":{"rendered":"<p>Este cambio, sostuvo el ministro Grau, es para \u00abque no se diga que el Gobierno est\u00e1 tratando de proteger a las personas que entraron a trabajar durante su periodo\u00bb.<\/p>\n<p>Hoy debe salir del Congreso la ley de reajuste al sector p\u00fablico. El Gobierno, que ha recibido duros cuestionamientos por el contenido de la legislaci\u00f3n, modificar\u00e1 uno de los ejes claves, que la oposici\u00f3n ha denominado como un \u00abamarre\u00bb a funcionarios que entraron al Estado durante la administraci\u00f3n de Gabriel Boric.<\/p>\n<p>Este \u00abamarre\u00bb limitaba o endurec\u00eda las reglas para despedir o no renovar contratos de funcionarios p\u00fablicos a contrata y les permite acudir a la Contralor\u00eda General de la Rep\u00fablica (CGR) cuando consideraran que una no renovaci\u00f3n o despido era ilegal,\u00a0<strong>siempre que llevaran dos a\u00f1os en sus funciones.<\/strong><\/p>\n<p>Ahora, hubo un cambio en este sentido. Seg\u00fan explic\u00f3 el ministro de Hacienda, Nicol\u00e1s Grau, en conversaci\u00f3n con radio Duna,<strong>\u00a0el derecho a reclamo ser\u00e1 para personas que lleven m\u00e1s tiempo en sus funciones.<\/strong><\/p>\n<p>En concreto, el secretario de Estado sostuvo:<strong>\u00a0\u00abPara que no se diga que el Gobierno est\u00e1 tratando de proteger a las personas que entraron a trabajar durante su periodo, vamos a dejar que el derecho a reclamo en la Contralor\u00eda sea solo para las personas que entraron al menos hace cinco a\u00f1os\u00bb.<\/strong><\/p>\n<p>Es que, precisamente uno de los cuestionamientos que hab\u00edan surgido desde la oposici\u00f3n era que el Ejecutivo buscaba ayudar a quienes hab\u00edan ingresado a trabajar durante la actual administraci\u00f3n.<\/p>\n<p><strong>\u00abSer\u00eda dif\u00edcil de entender que con toda este cambio no pudi\u00e9ramos llegar a un acuerdo\u00bb<\/strong>, indic\u00f3 tambi\u00e9n Grau.<\/p>\n<p>A\u00f1adi\u00f3 asimismo que \u00abes importante que el gobierno que entra pueda definir con mucha eficiencia y sin ning\u00fan contratiempo sus equipos de confianza en los gabinetes\u00bb.<\/p>\n<p>El secretario de Estado, adem\u00e1s, recalc\u00f3 que por \u00abprimera vez, se va a poner en la ley que todos los asesores, es decir, sus gabinetes, tienen que salir el 11 de marzo y en los casos que no se presente la renuncia, los jefes de servicio tienen que hacer valer esas salidas\u00bb.<\/p>\n","protected":false},"excerpt":{"rendered":"<p>Este cambio, sostuvo el ministro Grau, es para \u00abque no se diga que el Gobierno est\u00e1 tratando de proteger a las personas que entraron a&hellip; <\/p>\n","protected":false},"author":7,"featured_media":97444,"comment_status":"closed","ping_status":"closed","sticky":false,"template":"","format":"standard","meta":{"footnotes":""},"categories":[37],"tags":[],"class_list":["post-97443","post","type-post","status-publish","format-standard","has-post-thumbnail","hentry","category-nacional"],"_links":{"self":[{"href":"https:\/\/www.radioamigavallenar.cl\/index.php?rest_route=\/wp\/v2\/posts\/97443","targetHints":{"allow":["GET"]}}],"collection":[{"href":"https:\/\/www.radioamigavallenar.cl\/index.php?rest_route=\/wp\/v2\/posts"}],"about":[{"href":"https:\/\/www.radioamigavallenar.cl\/index.php?rest_route=\/wp\/v2\/types\/post"}],"author":[{"embeddable":true,"href":"https:\/\/www.radioamigavallenar.cl\/index.php?rest_route=\/wp\/v2\/users\/7"}],"replies":[{"embeddable":true,"href":"https:\/\/www.radioamigavallenar.cl\/index.php?rest_route=%2Fwp%2Fv2%2Fcomments&post=97443"}],"version-history":[{"count":2,"href":"https:\/\/www.radioamigavallenar.cl\/index.php?rest_route=\/wp\/v2\/posts\/97443\/revisions"}],"predecessor-version":[{"id":97446,"href":"https:\/\/www.radioamigavallenar.cl\/index.php?rest_route=\/wp\/v2\/posts\/97443\/revisions\/97446"}],"wp:featuredmedia":[{"embeddable":true,"href":"https:\/\/www.radioamigavallenar.cl\/index.php?rest_route=\/wp\/v2\/media\/97444"}],"wp:attachment":[{"href":"https:\/\/www.radioamigavallenar.cl\/index.php?rest_route=%2Fwp%2Fv2%2Fmedia&parent=97443"}],"wp:term":[{"taxonomy":"category","embeddable":true,"href":"https:\/\/www.radioamigavallenar.cl\/index.php?rest_route=%2Fwp%2Fv2%2Fcategories&post=97443"},{"taxonomy":"post_tag","embeddable":true,"href":"https:\/\/www.radioamigavallenar.cl\/index.php?rest_route=%2Fwp%2Fv2%2Ftags&post=97443"}],"curies":[{"name":"wp","href":"https:\/\/api.w.org\/{rel}","templated":true}]}}