{"id":97437,"date":"2026-01-12T09:19:53","date_gmt":"2026-01-12T12:19:53","guid":{"rendered":"https:\/\/www.radioamigavallenar.cl\/?p=97437"},"modified":"2026-01-12T10:21:26","modified_gmt":"2026-01-12T13:21:26","slug":"un-lio-para-kast-gobernar-con-la-herencia-de-tres-anos-seguidos-de-deficit-fiscal-que-le-dejara-boric","status":"publish","type":"post","link":"https:\/\/www.radioamigavallenar.cl\/?p=97437","title":{"rendered":"Un l\u00edo para Kast: Gobernar con la herencia de tres a\u00f1os seguidos de d\u00e9ficit fiscal que le dejar\u00e1 Boric"},"content":{"rendered":"<p>El cierre fiscal de 2025 confirmar\u00e1 el\u00a0<strong>tercer a\u00f1o consecutivo de incumplimiento de las metas fiscales.<\/strong><\/p>\n<p>El d\u00e9ficit, que parti\u00f3 en -1,6%, podr\u00eda llegar a -2,7% seg\u00fan el propio ministro de Hacienda,\u00a0<strong>Nicol\u00e1s Grau.<\/strong><\/p>\n<p>Los n\u00fameros podr\u00edan convertirse en una carga para el futuro presidente,\u00a0<strong>Jos\u00e9 Antonio Kast,<\/strong>\u00a0y abrieron un debate pol\u00edtico por la herencia fiscal que dejar\u00e1 el Gobierno del presidente\u00a0<strong>Gabriel Boric.<\/strong><\/p>\n<p>Mientras el oficialismo destaca avances como menor deuda, desde la oposici\u00f3n advierten un recorte de gasto a\u00fan mayor.<\/p>\n<h2 style=\"text-align: center;\">D\u00e9ficit fiscal, herencia y recortes<\/h2>\n<p>Ya es un hecho que este ser\u00e1 el tercer a\u00f1o consecutivo en que se incumplan las metas fiscales, pero no ser\u00e1 hasta fines de enero que la\u00a0<a href=\"https:\/\/www.dipres.gob.cl\/598\/w3-channel.html\" target=\"_blank\" rel=\"noopener\">Direcci\u00f3n de Presupuestos<\/a>\u00a0(Dipres) informe al mercado el cierre del a\u00f1o fiscal 2025.<\/p>\n<p>Partiendo con un d\u00e9ficit proyectado en -1,6% del PIB, dicha cifra fue modificada en m\u00e1s de dos oportunidades y finalmente se habl\u00f3 de un -2,2%.<\/p>\n<p><span class=\"destacador destacado\">Pero el ministro de Hacienda, Nicol\u00e1s Grau, sincer\u00f3 que el resultado final ser\u00e1 mayor: -2,7%.<\/span><\/p>\n<p>Es decir, con un d\u00e9ficit superior a lo previsto,\u00a0<span class=\"destacador destacado\">la herencia que dejar\u00e1 en t\u00e9rminos fiscales la administraci\u00f3n Boric se convertir\u00e1 en un recibimiento \u201cpoco c\u00e1lido\u201d para su Jos\u00e9 Antonio Kast.<\/span><\/p>\n<p>En el oficialismo han salido a poner pa\u00f1os fr\u00edos a este escenario y, parte del discurso que ha defendido el Ejecutivo, es que se entregar\u00e1 la econom\u00eda en un mejor pie que como la recibieron, destacando otros balances que son m\u00e1s positivos.<\/p>\n<p>Y pese a que desde Republicanos ya hab\u00edan incorporado el \u201cestr\u00e9s fiscal\u201d a su hoja de ruta, la nueva cifra podr\u00eda significar un recorte mayor al comprometido durante la campa\u00f1a.<\/p>\n<p>El diputado de ese partido, Agust\u00edn Romero, manifest\u00f3 que la ciudadan\u00eda finalmente terminar\u00e1 pagando la improvisaci\u00f3n de este Gobierno.<\/p>\n<p>En medio de la tramitaci\u00f3n de la ley de reajuste del sector p\u00fablico, las bancadas de diputados de la UDI, Renovaci\u00f3n Nacional y Republicanos expresaron su rechazo al proyecto, acusando que se quiere traspasar un reajuste desfinanciado a la administraci\u00f3n de Kast.<\/p>\n<p>Mediante una declaraci\u00f3n p\u00fablica, cinco parlamentarios de dichas bancadas \u2014part\u00edcipes en la comisi\u00f3n de Hacienda\u2014 plantearon cuestionamientos contra Grau y la iniciativa.<\/p>\n<p>\u201cConsiderando que esta falta de rigurosidad ha sido advertida durante meses, hoy tenemos el leg\u00edtimo derecho a presumir que\u00a0<strong>la intenci\u00f3n del Gobierno ser\u00eda traspasar un reajuste desfinanciado,<\/strong> de tal manera que el costo pol\u00edtico y fiscal sea asumido por la pr\u00f3xima administraci\u00f3n, constituyendo un acto de grave irresponsabilidad y de mala fe democr\u00e1tica\u201d, dijeron en un escrito.<\/p>\n<h2 style=\"text-align: center;\">Inversi\u00f3n y empleo<\/h2>\n<p>Independiente del actual escenario, desde el equipo del presidente electo han enfatizado que se enfocar\u00e1n en\u00a0<span class=\"destacador destacado\">recuperar las inversiones y el empleo.<\/span><\/p>\n<p>La semana pasada, en\u00a0<a href=\"https:\/\/www.icare.cl\/\" target=\"_blank\" rel=\"noopener\">Icare<\/a>, Kast y su principal asesor econ\u00f3mico y que ya se perfil\u00f3 como ministro de Hacienda, Jorge Quiroz, hablaron del nuevo ciclo que se avecina.<\/p>\n<p>Entre aplausos, se\u00f1alaron la hoja de ruta que ya trabajan los nuevos asesores y autoridades que ocupar\u00e1n las oficinas de Teatinos 120. Quiroz afirm\u00f3 que har\u00e1n \u201clo que sea necesario para recuperar el crecimiento en Chile\u201d.<\/p>\n<p>Y una de esas l\u00edneas de acci\u00f3n tiene que ver con lo que calific\u00f3 como la\u00a0<strong>\u201cmara\u00f1a regulatoria\u201d,<\/strong>\u00a0apuntando a la tramitaci\u00f3n de proyectos de inversi\u00f3n, entregando no s\u00f3lo un diagn\u00f3stico, sino el primer cambio.<\/p>\n<p><span class=\"destacador destacado\">\u201cVamos a eliminar permisos\u201d,<\/span>\u00a0sentenci\u00f3.<\/p>\n<p>Como ejemplo de oportunidades si esto se resuelve, Quiroz mencion\u00f3 a la construcci\u00f3n. Habl\u00f3 de eliminar 15.000 instructivos y reducir las circulares de 1.500 a 11.<\/p>\n<p>\u201cVamos a generar una desregulaci\u00f3n del sector urbanismo y construcci\u00f3n, liberalizaci\u00f3n del suelo\u201d, ejemplific\u00f3.<\/p>\n","protected":false},"excerpt":{"rendered":"<p>El cierre fiscal de 2025 confirmar\u00e1 el\u00a0tercer a\u00f1o consecutivo de incumplimiento de las metas fiscales. El d\u00e9ficit, que parti\u00f3 en -1,6%, podr\u00eda llegar a -2,7%&hellip; <\/p>\n","protected":false},"author":7,"featured_media":97438,"comment_status":"closed","ping_status":"closed","sticky":false,"template":"","format":"standard","meta":{"footnotes":""},"categories":[37],"tags":[],"class_list":["post-97437","post","type-post","status-publish","format-standard","has-post-thumbnail","hentry","category-nacional"],"_links":{"self":[{"href":"https:\/\/www.radioamigavallenar.cl\/index.php?rest_route=\/wp\/v2\/posts\/97437","targetHints":{"allow":["GET"]}}],"collection":[{"href":"https:\/\/www.radioamigavallenar.cl\/index.php?rest_route=\/wp\/v2\/posts"}],"about":[{"href":"https:\/\/www.radioamigavallenar.cl\/index.php?rest_route=\/wp\/v2\/types\/post"}],"author":[{"embeddable":true,"href":"https:\/\/www.radioamigavallenar.cl\/index.php?rest_route=\/wp\/v2\/users\/7"}],"replies":[{"embeddable":true,"href":"https:\/\/www.radioamigavallenar.cl\/index.php?rest_route=%2Fwp%2Fv2%2Fcomments&post=97437"}],"version-history":[{"count":1,"href":"https:\/\/www.radioamigavallenar.cl\/index.php?rest_route=\/wp\/v2\/posts\/97437\/revisions"}],"predecessor-version":[{"id":97439,"href":"https:\/\/www.radioamigavallenar.cl\/index.php?rest_route=\/wp\/v2\/posts\/97437\/revisions\/97439"}],"wp:featuredmedia":[{"embeddable":true,"href":"https:\/\/www.radioamigavallenar.cl\/index.php?rest_route=\/wp\/v2\/media\/97438"}],"wp:attachment":[{"href":"https:\/\/www.radioamigavallenar.cl\/index.php?rest_route=%2Fwp%2Fv2%2Fmedia&parent=97437"}],"wp:term":[{"taxonomy":"category","embeddable":true,"href":"https:\/\/www.radioamigavallenar.cl\/index.php?rest_route=%2Fwp%2Fv2%2Fcategories&post=97437"},{"taxonomy":"post_tag","embeddable":true,"href":"https:\/\/www.radioamigavallenar.cl\/index.php?rest_route=%2Fwp%2Fv2%2Ftags&post=97437"}],"curies":[{"name":"wp","href":"https:\/\/api.w.org\/{rel}","templated":true}]}}