{"id":97431,"date":"2026-01-12T10:05:20","date_gmt":"2026-01-12T13:05:20","guid":{"rendered":"https:\/\/www.radioamigavallenar.cl\/?p=97431"},"modified":"2026-01-12T10:10:52","modified_gmt":"2026-01-12T13:10:52","slug":"diputada-sofia-cid-exige-investigacion-por-lujosa-celebracion-del-slep-atacama-es-impresentable-este-nivel-de-descriterio","status":"publish","type":"post","link":"https:\/\/www.radioamigavallenar.cl\/?p=97431","title":{"rendered":"Diputada Sof\u00eda Cid exige investigaci\u00f3n por lujosa celebraci\u00f3n del SLEP Atacama: \u201cEs impresentable este nivel de descriterio\u201d"},"content":{"rendered":"<p>La diputada por Atacama, Sof\u00eda Cid Versalovic, expres\u00f3 su total rechazo a la celebraci\u00f3n del quinto aniversario del Servicio Local de Educaci\u00f3n P\u00fablica (SLEP) Atacama, realizada recientemente en el Casino Luckia de Copiap\u00f3, en una actividad que incluy\u00f3 una limusina, regalos, banquete, iluminaci\u00f3n, producci\u00f3n de alto nivel y una c\u00e1mara 360\u00b0, seg\u00fan registros ampliamente viralizados en redes sociales.<\/p>\n<p><b>\u201cEs impresentable que mientras miles de estudiantes y sus familias viven d\u00eda a d\u00eda la crisis de la educaci\u00f3n p\u00fablica, hoy vemos c\u00f3mo estos mismos funcionarios abusan del sistema con celebraciones de lujo. Si esa fiesta fue financiada con recursos p\u00fablicos, ser\u00eda a\u00fan m\u00e1s grave, considerando que a las familias les dicen que no tienen recursos para arreglar la infraestructura de los colegios, ni para mejorar la calidad de la educaci\u00f3n en la regi\u00f3n\u201d<\/b>, se\u00f1al\u00f3 la diputada.<\/p>\n<p>&nbsp;<\/p>\n<audio class=\"wp-audio-shortcode\" id=\"audio-97431-1\" preload=\"none\" style=\"width: 100%;\" controls=\"controls\"><source type=\"audio\/mpeg\" src=\"https:\/\/www.radioamigavallenar.cl\/wp-content\/uploads\/2026\/01\/diputada-sofia-cid-slep-fiesta-2.mp3?_=1\" \/><a href=\"https:\/\/www.radioamigavallenar.cl\/wp-content\/uploads\/2026\/01\/diputada-sofia-cid-slep-fiesta-2.mp3\">https:\/\/www.radioamigavallenar.cl\/wp-content\/uploads\/2026\/01\/diputada-sofia-cid-slep-fiesta-2.mp3<\/a><\/audio>\n<p>&nbsp;<\/p>\n<p>La celebraci\u00f3n ocurre en un contexto marcado por graves carencias en los establecimientos educacionales de Atacama, muchos de los cuales a\u00fan no han sido reparados tras el sismo del a\u00f1o pasado. A esto se suman denuncias sobre deudas con proveedores desde septiembre de 2025.<\/p>\n<p><b>\u201cMientras hay salas en mal estado, y mientras hay proveedores sin pago hace meses, vemos al director del SLEP Atacama llegando en limusina a una fiesta institucional. \u00bfD\u00f3nde est\u00e1n las prioridades?\u201d<\/b>, cuestion\u00f3 la parlamentaria.<\/p>\n<p>La empresa vinculada a la organizaci\u00f3n del evento, as\u00ed como otras firmas relacionadas bajo el mismo representante legal, ha recibido m\u00faltiples contratos directos del SLEP Atacama por transporte escolar que superan los $2.289 millones de pesos en total, adjudicados sin procesos de licitaci\u00f3n p\u00fablica, lo que ha generado cuestionamientos por presuntas irregularidades administrativas y falta de transparencia.<\/p>\n<p><b>\u201cNo estamos hablando solo de un evento mal enfocado, sino de potenciales conflictos de inter\u00e9s que deben investigarse. No aparece ninguna orden de compra registrada para financiar esta celebraci\u00f3n, lo que deja un manto de dudas sobre el origen de los recursos utilizados\u201d<\/b>, afirm\u00f3 la diputada Cid.<\/p>\n<p>Frente a estas irregularidades, la diputada anunci\u00f3 que solicitar\u00e1 que la Contralor\u00eda General de la Rep\u00fablica investigue el uso de recursos, la relaci\u00f3n contractual con las empresas involucradas y los criterios utilizados por el SLEP Atacama para adjudicar servicios.<\/p>\n<p><b>\u201cNo se trata de impedir que los funcionarios celebren, pero hacerlo con este nivel de ostentaci\u00f3n, en medio de una crisis tan profunda, es una falta de respeto. Atacama no necesita m\u00e1s esc\u00e1ndalos, necesita respuestas, transparencia y compromiso con la educaci\u00f3n p\u00fablica\u201d<\/b>, concluy\u00f3.<\/p>\n","protected":false},"excerpt":{"rendered":"<p>La diputada por Atacama, Sof\u00eda Cid Versalovic, expres\u00f3 su total rechazo a la celebraci\u00f3n del quinto aniversario del Servicio Local de Educaci\u00f3n P\u00fablica (SLEP) Atacama,&hellip; <\/p>\n","protected":false},"author":7,"featured_media":97432,"comment_status":"closed","ping_status":"closed","sticky":false,"template":"","format":"standard","meta":{"footnotes":""},"categories":[7],"tags":[],"class_list":["post-97431","post","type-post","status-publish","format-standard","has-post-thumbnail","hentry","category-atacama"],"_links":{"self":[{"href":"https:\/\/www.radioamigavallenar.cl\/index.php?rest_route=\/wp\/v2\/posts\/97431","targetHints":{"allow":["GET"]}}],"collection":[{"href":"https:\/\/www.radioamigavallenar.cl\/index.php?rest_route=\/wp\/v2\/posts"}],"about":[{"href":"https:\/\/www.radioamigavallenar.cl\/index.php?rest_route=\/wp\/v2\/types\/post"}],"author":[{"embeddable":true,"href":"https:\/\/www.radioamigavallenar.cl\/index.php?rest_route=\/wp\/v2\/users\/7"}],"replies":[{"embeddable":true,"href":"https:\/\/www.radioamigavallenar.cl\/index.php?rest_route=%2Fwp%2Fv2%2Fcomments&post=97431"}],"version-history":[{"count":3,"href":"https:\/\/www.radioamigavallenar.cl\/index.php?rest_route=\/wp\/v2\/posts\/97431\/revisions"}],"predecessor-version":[{"id":97436,"href":"https:\/\/www.radioamigavallenar.cl\/index.php?rest_route=\/wp\/v2\/posts\/97431\/revisions\/97436"}],"wp:featuredmedia":[{"embeddable":true,"href":"https:\/\/www.radioamigavallenar.cl\/index.php?rest_route=\/wp\/v2\/media\/97432"}],"wp:attachment":[{"href":"https:\/\/www.radioamigavallenar.cl\/index.php?rest_route=%2Fwp%2Fv2%2Fmedia&parent=97431"}],"wp:term":[{"taxonomy":"category","embeddable":true,"href":"https:\/\/www.radioamigavallenar.cl\/index.php?rest_route=%2Fwp%2Fv2%2Fcategories&post=97431"},{"taxonomy":"post_tag","embeddable":true,"href":"https:\/\/www.radioamigavallenar.cl\/index.php?rest_route=%2Fwp%2Fv2%2Ftags&post=97431"}],"curies":[{"name":"wp","href":"https:\/\/api.w.org\/{rel}","templated":true}]}}