{"id":97427,"date":"2026-01-12T10:00:00","date_gmt":"2026-01-12T13:00:00","guid":{"rendered":"https:\/\/www.radioamigavallenar.cl\/?p=97427"},"modified":"2026-01-12T10:32:53","modified_gmt":"2026-01-12T13:32:53","slug":"ministro-de-educacion-pide-renuncia-a-director-del-slep-atacama-tras-polemica-celebracion-de-aniversario","status":"publish","type":"post","link":"https:\/\/www.radioamigavallenar.cl\/?p=97427","title":{"rendered":"Limusina, alcohol y c\u00e1mara 360\u00b0: Mineduc pide renuncia a director SLEP Atacama por pol\u00e9mica fiesta"},"content":{"rendered":"<p>La controvertida celebraci\u00f3n era por el quinto aniversario del servicio.<\/p>\n<p><strong>El ministro de Educaci\u00f3n, Nicol\u00e1s Cataldo, solicit\u00f3 la renuncia del director ejecutivo suplente del Servicio Local de Educaci\u00f3n P\u00fablica (SLEP) de Atacama,<\/strong>\u00a0Daslav Mihovilovic, luego de la pol\u00e9mica celebraci\u00f3n que gener\u00f3 el quinto aniversario del gremio en el Casino de Copiap\u00f3.<\/p>\n<p>A trav\u00e9s de un video que se viraliz\u00f3 en Redes Sociales,<strong>\u00a0el SLEP de Atacama vuelve a quedar bajo el ojo p\u00fablico.\u00a0<\/strong>En el video se muestra una fiesta de aniversario de alto est\u00e1ndar en el Casino Luckia de Copiap\u00f3.<\/p>\n<p>Dentro de las im\u00e1genes recopiladas, se puede ver una limusina de lujo, c\u00e1maras 360\u00b0, luces, tortas y tragos. <strong>Cabe destacar que el SLEP de Atacama se ha visto envuelto en cr\u00edticas fuertes por despidos a trabajadores, reducci\u00f3n de horas docentes, denuncias de un eventual patr\u00f3n de exclusi\u00f3n de mujeres,<\/strong>\u00a0adem\u00e1s de una administraci\u00f3n que ha sido catalogada como deficitaria por integrantes del sector educacional.<\/p>\n<p>El episodio gener\u00f3 cuestionamientos luego de que en los registros difundidos se identificara que la limusina utilizada pertenecer\u00eda a la empresa Limuhummer. Seg\u00fan los antecedentes disponibles, el propietario de dicha firma mantiene v\u00ednculos con Pro Group, compa\u00f1\u00eda que actualmente presta servicios de guardias de seguridad al SLEP de Atacama.<\/p>\n<p>&nbsp;<\/p>\n<h2 style=\"text-align: center;\"><strong>Respuesta del SELP<\/strong><\/h2>\n<p>&nbsp;<\/p>\n<p>Ante las cr\u00edticas, desde el SLEP de Atacama explicaron que<strong>\u00a0la actividad se realiz\u00f3 en el marco de la conmemoraci\u00f3n del quinto aniversario del organismo<\/strong>\u00a0y que tuvo un car\u00e1cter estrictamente interno. Aseguraron que el encuentro se llev\u00f3 a cabo fuera del horario laboral, sin uso de recursos p\u00fablicos y sin afectar el normal funcionamiento del servicio ni de los establecimientos educacionales.<\/p>\n<p>En esa l\u00ednea, indicaron que el objetivo de la instancia fue reconocer el trabajo y compromiso de los funcionarios que han contribuido al fortalecimiento de la educaci\u00f3n p\u00fablica en el territorio. Asimismo,\u00a0<strong>recalcaron que no existi\u00f3 gasto fiscal asociado y que el SLEP no contrat\u00f3 ni pag\u00f3 servicios de arriendo o producci\u00f3n de eventos. Seg\u00fan dijeron, fueron gestionados por entidades externas.<\/strong><\/p>\n<p>De igual manera, manifestaron su disposici\u00f3n a colaborar con fiscalizaciones que estimen competentes, con el fin de acreditar que no hubo recursos p\u00fablicos involucrados. Adem\u00e1s, lamentaron la desinformaci\u00f3n que ha circulado a trav\u00e9s de RR.SS. por la actividad.<\/p>\n<h2 style=\"text-align: center;\"><strong>Cr\u00edticas desde las entidades<\/strong><\/h2>\n<p>Desde el \u00e1mbito gremial, las reacciones no tardaron en llegar.<strong>\u00a0El presidente nacional del Colegio de Profesores, Mario Aguilar, calific\u00f3 el hecho como \u00abdesubicado\u00bb<\/strong>, se\u00f1alando que , considerando los problemas y carencias que enfrenta el sistema educativo, resulta inapropiado el uso de una limusina y falta de sobriedad en una instancia de este tipo.<\/p>\n<p><a href=\"https:\/\/www.radioamigavallenar.cl\/wp-content\/uploads\/2026\/01\/COMUNICADO.jpg\"><img loading=\"lazy\" decoding=\"async\" class=\" wp-image-97428 aligncenter\" src=\"https:\/\/www.radioamigavallenar.cl\/wp-content\/uploads\/2026\/01\/COMUNICADO-300x209.jpg\" alt=\"\" width=\"878\" height=\"612\" srcset=\"https:\/\/www.radioamigavallenar.cl\/wp-content\/uploads\/2026\/01\/COMUNICADO-300x209.jpg 300w, https:\/\/www.radioamigavallenar.cl\/wp-content\/uploads\/2026\/01\/COMUNICADO-768x534.jpg 768w, https:\/\/www.radioamigavallenar.cl\/wp-content\/uploads\/2026\/01\/COMUNICADO.jpg 1044w\" sizes=\"auto, (max-width: 878px) 100vw, 878px\" \/><\/a><\/p>\n","protected":false},"excerpt":{"rendered":"<p>La controvertida celebraci\u00f3n era por el quinto aniversario del servicio. El ministro de Educaci\u00f3n, Nicol\u00e1s Cataldo, solicit\u00f3 la renuncia del director ejecutivo suplente del Servicio&hellip; <\/p>\n","protected":false},"author":7,"featured_media":97430,"comment_status":"closed","ping_status":"closed","sticky":false,"template":"","format":"standard","meta":{"footnotes":""},"categories":[38],"tags":[],"class_list":["post-97427","post","type-post","status-publish","format-standard","has-post-thumbnail","hentry","category-portada-regional"],"_links":{"self":[{"href":"https:\/\/www.radioamigavallenar.cl\/index.php?rest_route=\/wp\/v2\/posts\/97427","targetHints":{"allow":["GET"]}}],"collection":[{"href":"https:\/\/www.radioamigavallenar.cl\/index.php?rest_route=\/wp\/v2\/posts"}],"about":[{"href":"https:\/\/www.radioamigavallenar.cl\/index.php?rest_route=\/wp\/v2\/types\/post"}],"author":[{"embeddable":true,"href":"https:\/\/www.radioamigavallenar.cl\/index.php?rest_route=\/wp\/v2\/users\/7"}],"replies":[{"embeddable":true,"href":"https:\/\/www.radioamigavallenar.cl\/index.php?rest_route=%2Fwp%2Fv2%2Fcomments&post=97427"}],"version-history":[{"count":4,"href":"https:\/\/www.radioamigavallenar.cl\/index.php?rest_route=\/wp\/v2\/posts\/97427\/revisions"}],"predecessor-version":[{"id":97442,"href":"https:\/\/www.radioamigavallenar.cl\/index.php?rest_route=\/wp\/v2\/posts\/97427\/revisions\/97442"}],"wp:featuredmedia":[{"embeddable":true,"href":"https:\/\/www.radioamigavallenar.cl\/index.php?rest_route=\/wp\/v2\/media\/97430"}],"wp:attachment":[{"href":"https:\/\/www.radioamigavallenar.cl\/index.php?rest_route=%2Fwp%2Fv2%2Fmedia&parent=97427"}],"wp:term":[{"taxonomy":"category","embeddable":true,"href":"https:\/\/www.radioamigavallenar.cl\/index.php?rest_route=%2Fwp%2Fv2%2Fcategories&post=97427"},{"taxonomy":"post_tag","embeddable":true,"href":"https:\/\/www.radioamigavallenar.cl\/index.php?rest_route=%2Fwp%2Fv2%2Ftags&post=97427"}],"curies":[{"name":"wp","href":"https:\/\/api.w.org\/{rel}","templated":true}]}}