{"id":97424,"date":"2026-01-12T09:30:36","date_gmt":"2026-01-12T12:30:36","guid":{"rendered":"https:\/\/www.radioamigavallenar.cl\/?p=97424"},"modified":"2026-01-12T09:32:06","modified_gmt":"2026-01-12T12:32:06","slug":"el-dolar-parte-la-semana-cayendo-cerca-de-10-y-el-cobre-se-luce-en-los-us602-por-libra","status":"publish","type":"post","link":"https:\/\/www.radioamigavallenar.cl\/?p=97424","title":{"rendered":"El d\u00f3lar parte la semana cayendo cerca de $10 y el cobre se luce en los US$6,02 por libra"},"content":{"rendered":"<p>Este lunes -ante factores externos y el alza del cobre-\u00a0<span class=\"destacador destacado\">el peso chileno se impuso ante el d\u00f3lar,<\/span>\u00a0que durante su apertura mostraba ca\u00eddas cercanas a los $10 en comparaci\u00f3n a su precio promedio del viernes.<\/p>\n<p>El billete verde inici\u00f3 la sesi\u00f3n en $891 y luego descendi\u00f3 hasta\u00a0<strong>$886,30.<\/strong><\/p>\n<p>El precio del\u00a0<strong>cobre,<\/strong>\u00a0por su parte, subi\u00f3 un 2,3% hasta\u00a0<strong>US$6,02 por libra,<\/strong>\u00a0encadenando su segunda sesi\u00f3n consecutiva al alza y acerc\u00e1ndose nuevamente a sus m\u00e1ximos hist\u00f3ricos.<\/p>\n<p>\u201cEl metal rojo se ve impulsado por crecientes preocupaciones de oferta, ante el riesgo de aranceles estadounidenses a metales refinados, lo que podr\u00eda redirigir env\u00edos hacia Estados Unidos y restringir el suministro global\u201d, explic\u00f3 Felipe Sep\u00falveda Soto, analista jefe de Admirals Latinoam\u00e9rica.<\/p>\n<p>Pese a la contingencia geopol\u00edtica,\u00a0<span class=\"destacador destacado\">existe una s\u00f3lida demanda estructural del cobre asociada a la transici\u00f3n verde y a la inteligencia artificial,<\/span>\u00a0lo que sigue respaldando los precios, a\u00f1adi\u00f3 el experto, \u201cconsiderando que los veh\u00edculos el\u00e9ctricos requieren hasta cuatro veces m\u00e1s cobre que los tradicionales y que los centros de datos dependen intensamente del metal\u201d.<\/p>\n<p>En el frente cambiario global, el Dollar Index cay\u00f3 un 0,37% hasta 98,4, rompiendo una racha de cuatro jornadas al alza.<\/p>\n<p>La presi\u00f3n bajista se intensifica tras conocerse que fiscales federales abrieron una investigaci\u00f3n criminal contra el presidente de la Fed, Jerome Powell,\u00a0<strong>poniendo en entredicho la independencia del banco central estadounidense.<\/strong><\/p>\n<p>\u201cPowell ha advertido que estas acciones podr\u00edan politizar la pol\u00edtica monetaria. Adem\u00e1s, el d\u00f3lar se debilita por mayores apuestas a recortes de tasas de la Fed, luego de que el \u00faltimo reporte de empleo mostrara una creaci\u00f3n de puestos inferior a lo esperado\u201d, indic\u00f3 Sep\u00falveda al respecto.<\/p>\n<p>Por todo, el analista jefe de Admirals Latinoam\u00e9rica concluy\u00f3 que el peso chileno se ve fortalecido por fundamentos externos, y de mantenerse el impulso del cobre y la debilidad global del d\u00f3lar,\u00a0<span class=\"destacador destacado\">el tipo de cambio podr\u00eda moverse en un rango entre $980 y $995<\/span>\u00a0durante la jornada, \u201ccon sesgo bajista en el corto plazo\u201d.<\/p>\n","protected":false},"excerpt":{"rendered":"<p>Este lunes -ante factores externos y el alza del cobre-\u00a0el peso chileno se impuso ante el d\u00f3lar,\u00a0que durante su apertura mostraba ca\u00eddas cercanas a los&hellip; <\/p>\n","protected":false},"author":7,"featured_media":97426,"comment_status":"closed","ping_status":"closed","sticky":false,"template":"","format":"standard","meta":{"footnotes":""},"categories":[37],"tags":[],"class_list":["post-97424","post","type-post","status-publish","format-standard","has-post-thumbnail","hentry","category-nacional"],"_links":{"self":[{"href":"https:\/\/www.radioamigavallenar.cl\/index.php?rest_route=\/wp\/v2\/posts\/97424","targetHints":{"allow":["GET"]}}],"collection":[{"href":"https:\/\/www.radioamigavallenar.cl\/index.php?rest_route=\/wp\/v2\/posts"}],"about":[{"href":"https:\/\/www.radioamigavallenar.cl\/index.php?rest_route=\/wp\/v2\/types\/post"}],"author":[{"embeddable":true,"href":"https:\/\/www.radioamigavallenar.cl\/index.php?rest_route=\/wp\/v2\/users\/7"}],"replies":[{"embeddable":true,"href":"https:\/\/www.radioamigavallenar.cl\/index.php?rest_route=%2Fwp%2Fv2%2Fcomments&post=97424"}],"version-history":[{"count":1,"href":"https:\/\/www.radioamigavallenar.cl\/index.php?rest_route=\/wp\/v2\/posts\/97424\/revisions"}],"predecessor-version":[{"id":97425,"href":"https:\/\/www.radioamigavallenar.cl\/index.php?rest_route=\/wp\/v2\/posts\/97424\/revisions\/97425"}],"wp:featuredmedia":[{"embeddable":true,"href":"https:\/\/www.radioamigavallenar.cl\/index.php?rest_route=\/wp\/v2\/media\/97426"}],"wp:attachment":[{"href":"https:\/\/www.radioamigavallenar.cl\/index.php?rest_route=%2Fwp%2Fv2%2Fmedia&parent=97424"}],"wp:term":[{"taxonomy":"category","embeddable":true,"href":"https:\/\/www.radioamigavallenar.cl\/index.php?rest_route=%2Fwp%2Fv2%2Fcategories&post=97424"},{"taxonomy":"post_tag","embeddable":true,"href":"https:\/\/www.radioamigavallenar.cl\/index.php?rest_route=%2Fwp%2Fv2%2Ftags&post=97424"}],"curies":[{"name":"wp","href":"https:\/\/api.w.org\/{rel}","templated":true}]}}