{"id":97421,"date":"2026-01-12T09:13:45","date_gmt":"2026-01-12T12:13:45","guid":{"rendered":"https:\/\/www.radioamigavallenar.cl\/?p=97421"},"modified":"2026-01-12T09:13:45","modified_gmt":"2026-01-12T12:13:45","slug":"la-universidad-de-atacama-adjudica-financiamiento-por-mas-de-16-000-millones-para-desarrollar-idi-en-las-9-comunas-de-la-region","status":"publish","type":"post","link":"https:\/\/www.radioamigavallenar.cl\/?p=97421","title":{"rendered":"La Universidad de Atacama adjudica financiamiento por m\u00e1s de $16.000 millones para desarrollar I+D+i en las 9 comunas de la regi\u00f3n"},"content":{"rendered":"<p>El 26 de diciembre, la Universidad de Atacama recibi\u00f3 la notificaci\u00f3n de adjudicaci\u00f3n de parte de la Subsecretar\u00eda de Ciencia, Tecnolog\u00eda, Conocimiento e Innovaci\u00f3n a la postulaci\u00f3n de la segunda etapa del Fondo de Investigaci\u00f3n Universitaria Territorial FIUT, que el 2025 debut\u00f3 con 20 universidades postulantes a lo largo de todo el pa\u00eds, para las siete vacantes dispuestas a nivel nacional.<\/p>\n<p>El Fondo del Programa de Financiamiento Estructural I+D+i universitario del Ministerio de Ciencias, Tecnolog\u00eda, Conocimiento e Innovaci\u00f3n (CTCI)\u00a0 fue presentado el 2025 como un instrumento in\u00e9dito de apoyo a las universidades p\u00fablicas y privadas en la generaci\u00f3n, mantenci\u00f3n y gesti\u00f3n de las capacidades de Investigaci\u00f3n, Desarrollo e Innovaci\u00f3n (I+D+i).<\/p>\n<p style=\"text-align: center;\"><strong>HITO<\/strong><\/p>\n<div class=\"code-block code-block-8\">\n<div id=\"300x250-A\"><\/div>\n<\/div>\n<p>Organizado por la vicerrector\u00eda de Investigaci\u00f3n y Posgrado, que lider\u00f3 este proyecto, el viernes 9 de enero, la UDA realiz\u00f3 el hito de adjudicaci\u00f3n en presencia de autoridades encabezadas por el subsecretario de Ciencias, Tecnolog\u00eda, Conocimiento e Innovaci\u00f3n (CTCI), Cristi\u00e1n Cuevas Vega y el rector de la Universidad de Atacama,\u00a0 Forlin Aguilera Olivares.<\/p>\n<p>La madurez y consolidaci\u00f3n de las capacidades para apalancamiento de recursos en el \u00e1mbito de investigaci\u00f3n, fue uno de los aspectos destacados por el jefe de la casa de estudios superiores<\/p>\n<div class=\"code-block code-block-9\">\n<div id=\"Inread\"><\/div>\n<\/div>\n<p>\u201cLa UDA se ha vuelto m\u00e1s competitiva y da este ic\u00f3nico paso, clave en el avance hacia la complejidad. Estamos alcanzando resultados que nos posicionan entre las primeras universidades a nivel nacional\u201d destac\u00f3 el rector Aguilera Olivares.<\/p>\n<div class=\"code-block code-block-3\"><\/div>\n<p>Asimismo enfatiz\u00f3 en la calidad t\u00e9cnica y vocaci\u00f3n territorial del proyecto, en cuyo diagn\u00f3stico participaron los 9 municipios de la regi\u00f3n identificando brechas en I+D+I y levantando soluciones, asegurando impacto regional y la equidad territorial.<\/p>\n<p>\u201cEste despliegue regional contribuy\u00f3 a la definici\u00f3n de los desaf\u00edos prioritarios que contempla Sostenibilidad H\u00eddrica y Resiliencia ante la Crisis Clim\u00e1tica, como una demanda transversal por conocimiento aplicado a la gesti\u00f3n del agua; y de la Cohesi\u00f3n Social, la Equidad Territorial y el Desarrollo de Capital Humano Avanzado, contemplando la necesidad de generar arraigo para el talento joven y fortalecer la educaci\u00f3n, la salud y la valoraci\u00f3n del patrimonio cultural\u201d sostuvo el rector refiri\u00e9ndose al Plan de Desarrollo de Capacidades en Investigaci\u00f3n PCI 2025-2035.<\/p>\n<p>En una visi\u00f3n estrat\u00e9gica el rector describi\u00f3 el hito como uno de los\u00a0 principales legados y herencia que deja su administraci\u00f3n universitaria para el futuro de la Universidad de Atacama y la regi\u00f3n, garantizando\u00a0 financiamiento estructural para la investigaci\u00f3n.<\/p>\n<p style=\"text-align: center;\"><strong>LIDERAZGO NACIONAL<\/strong><\/p>\n<p>Por su parte el subsecretario de CTCI, Cristian Cuevas destac\u00f3 el quehacer investigativo de la UDA y la vocaci\u00f3n territorial que exhiben sus propuestas. Respeto al proyecto del FIUT destac\u00f3 la calidad t\u00e9cnica de la propuesta cient\u00edfica de transformaci\u00f3n institucional y reconoci\u00f3 el trabajo de la Vicerrector\u00eda de Investigaci\u00f3n y posgrado; el apoyo del CORE y el GORE Atacama logrando un\u00a0 financiamiento compartido con el Ministerio de Ciencias, pues \u201cEs un proyecto que no solamente abraza la universidad, sino que es toda la regi\u00f3n la que abraza este FIUT\u201d coment\u00f3 la autoridad de gobierno<\/p>\n<p>Finalmente el subsecretario subray\u00f3 que\u00a0\u201cNo se trata solamente de fortalecer la generaci\u00f3n de conocimiento, sino que hacer que este conocimiento responda a las ventajas comparativas que tiene nuestra regi\u00f3n, el potencial biotecnol\u00f3gico en nuestro sur, los desaf\u00edos de recurso h\u00eddrico, en el norte tambi\u00e9n\u201d.<\/p>\n<p style=\"text-align: center;\"><strong>INICIATIVAS<\/strong><\/p>\n<p>Uno de los objetivos del Fondo Universitario de Investigaci\u00f3n es\u00a0 instalar capacidades basales y estructurales para el desarrollo de la investigaci\u00f3n, la innovaci\u00f3n, la transferencia tecnol\u00f3gica y la generaci\u00f3n de capital humano avanzado.<\/p>\n<p>As\u00ed lo explic\u00f3 la vicerrectora de investigaci\u00f3n y postgrado (VRIP), Dra. Mar\u00eda Jos\u00e9 Gallardo Nelson, detallando que el proyecto contempla 7 objetivos estrat\u00e9gicos que buscan condiciones b\u00e1sicas como equipamiento, infraestructura, capital humano avanzado, capacitaciones, entre otros recursos<\/p>\n<p>\u201cQue nos van a permitir seguir haci\u00e9ndonos m\u00e1s competitivos en el sistema para seguir adjudicando proyectos en el \u00e1mbito de la miner\u00eda, de la acuicultura, la agricultura del desierto, la educaci\u00f3n, la salud y por eso tambi\u00e9n esta hoja de ruta que a 10 a\u00f1os tenemos objetivos de corto, mediano y largo plazo\u201d explic\u00f3 la autoridad universitaria.<\/p>\n<p>Agreg\u00f3 que \u201cUno de los objetivos estrat\u00e9gicos que es la generaci\u00f3n de un Laboratorio de Comunicaci\u00f3n P\u00fablica de la Ciencia, en la cual como universidad p\u00fablica del Estado nos hacemos cargo de c\u00f3mo no solo generamos conocimiento, sino c\u00f3mo lo difundimos a la sociedad, con miras a que todos los recursos invertidos en para ciencia, tecnolog\u00eda, conocimiento, innovaci\u00f3n tengan un impacto real en la calidad de vida de las personas\u201d inform\u00f3 la vicerrectora de Investigaci\u00f3n y posgrado\u00a0 de la UDA.<\/p>\n<p>Por su parte la Seremi de Ciencia de las regiones de Antofagasta y Atacama, Valeska Molina, destac\u00f3 el hito como una oportunidad concreta para fortalecer la ciencia que se hace desde el territorio.<\/p>\n<p>\u201cPermite que la Universidad de Atacama potencie su investigaci\u00f3n, forme nuevas y nuevos cient\u00edficos y genere conocimiento que aporte al desarrollo regional. Como Seremi y tambi\u00e9n como investigadora en formaci\u00f3n de esta universidad, s\u00e9 que contar con financiamiento estructural es clave para proyectar ciencia de calidad, con impacto en la vida de las personas y en el futuro de la regi\u00f3n\u00bb sostuvo la Seremi.<\/p>\n<p style=\"text-align: center;\"><strong>FINANCIAMIENTO COMPARTIDO<\/strong><\/p>\n<p>En total son $16.200 millones de pesos, para\u00a0 un periodo de 10 a\u00f1os. El financiamiento de esta cifra es compartido: 5.200 millones provienen del Ministerio de CTCI;\u00a0 $5.000 millones comprometidos por el Gobierno Regional de Atacama y 6.000 millones que invierte la Universidad de Atacama, como recursos institucionales.<\/p>\n<p>Este respaldo financiero refleja un compromiso conjunto entre el Estado, el Gobierno Regional y la universidad, orientado a generar condiciones estables y sostenidas para el desarrollo cient\u00edfico y formativo desde la regi\u00f3n.<\/p>\n<p style=\"text-align: center;\"><strong>TRABAJO COLABORATIVO LIDERADO DESDE LA VRIP<\/strong><\/p>\n<p>Uno de los aspectos m\u00e1s destacados del proceso FIUT ha sido el enfoque territorial y participativo, impulsado y coordinado por la Vicerrector\u00eda de Investigaci\u00f3n y Postgrado. Durante la Etapa 1, la UDA articul\u00f3 un amplio trabajo colaborativo que involucr\u00f3 a los nueve municipios de la regi\u00f3n, al Gobierno Regional y su la Comisi\u00f3n de Ciencia y Tecnolog\u00eda del CORE, as\u00ed como a actores del ecosistema p\u00fablico, privado y social.<\/p>\n<p>Esta ceremonia fue la celebraci\u00f3n de un proceso que sum\u00f3 activamente a la comunidad universitaria, a trav\u00e9s de acad\u00e9micas y acad\u00e9micos de todas las facultades, comit\u00e9s de investigaci\u00f3n institucionales y estudiantes de pre y postgrado, permitiendo identificar brechas, oportunidades y necesidades reales del territorio.<\/p>\n<p>Asimismo, esta efem\u00e9ride es una invitaci\u00f3n para toda la comunidad universitaria y regional a seguir investigando, fortaleciendo el v\u00ednculo con el territorio y promoviendo una investigaci\u00f3n pertinente, colaborativa y con impacto, que contribuya de manera concreta al desarrollo sostenible de la regi\u00f3n y a la mejora de la calidad de vida de sus comunidades.<\/p>\n<p style=\"text-align: center;\"><strong>PROYECCI\u00d3N ESTRAT\u00c9GICA PARA LA REGI\u00d3N DE ATACAMA<\/strong><\/p>\n<p>Gracias a esta adjudicaci\u00f3n, la Universidad de Atacama podr\u00e1 fortalecer l\u00edneas de investigaci\u00f3n estrat\u00e9gicas orientadas a responder desaf\u00edos complejos y prioritarios para la regi\u00f3n, tales como la gesti\u00f3n sostenible del recurso h\u00eddrico, la miner\u00eda responsable, la energ\u00eda y transici\u00f3n energ\u00e9tica, el medioambiente y la resiliencia territorial, la salud y el bienestar, y el desarrollo productivo y la diversificaci\u00f3n econ\u00f3mica.<\/p>\n<p>Asimismo, el FIUT permitir\u00e1 consolidar centros e institutos de investigaci\u00f3n, atraer capital humano avanzado con grado doctoral, fortalecer la formaci\u00f3n de nuevas generaciones de investigadores e investigadoras y ampliar la oferta de postgrados en la regi\u00f3n, generando nuevas oportunidades de formaci\u00f3n avanzada sin necesidad de migrar a otras zonas del pa\u00eds.<\/p>\n<p>De manera transversal, el FIUT incorpora el fortalecimiento de la comunicaci\u00f3n p\u00fablica de la ciencia y la ciencia abierta, entendiendo que el conocimiento s\u00f3lo genera impacto cuando se comparte, se comprende y se utiliza. En este marco, la universidad proyecta la creaci\u00f3n del Laboratorio de Comunicaci\u00f3n P\u00fablica de la Ciencia, el desarrollo de estrategias institucionales de divulgaci\u00f3n y el fortalecimiento de plataformas de difusi\u00f3n accesibles para la comunidad regional.<\/p>\n<p>Este reconocimiento proyecta a la UDA como un referente cient\u00edfico y formativo para Atacama y el pa\u00eds, fortaleciendo las condiciones para estudiar postgrados en la regi\u00f3n, desarrollar investigaci\u00f3n desde Atacama y aportar soluciones concretas a los desaf\u00edos regionales.<\/p>\n","protected":false},"excerpt":{"rendered":"<p>El 26 de diciembre, la Universidad de Atacama recibi\u00f3 la notificaci\u00f3n de adjudicaci\u00f3n de parte de la Subsecretar\u00eda de Ciencia, Tecnolog\u00eda, Conocimiento e Innovaci\u00f3n a&hellip; <\/p>\n","protected":false},"author":7,"featured_media":97422,"comment_status":"closed","ping_status":"closed","sticky":false,"template":"","format":"standard","meta":{"footnotes":""},"categories":[38],"tags":[],"class_list":["post-97421","post","type-post","status-publish","format-standard","has-post-thumbnail","hentry","category-portada-regional"],"_links":{"self":[{"href":"https:\/\/www.radioamigavallenar.cl\/index.php?rest_route=\/wp\/v2\/posts\/97421","targetHints":{"allow":["GET"]}}],"collection":[{"href":"https:\/\/www.radioamigavallenar.cl\/index.php?rest_route=\/wp\/v2\/posts"}],"about":[{"href":"https:\/\/www.radioamigavallenar.cl\/index.php?rest_route=\/wp\/v2\/types\/post"}],"author":[{"embeddable":true,"href":"https:\/\/www.radioamigavallenar.cl\/index.php?rest_route=\/wp\/v2\/users\/7"}],"replies":[{"embeddable":true,"href":"https:\/\/www.radioamigavallenar.cl\/index.php?rest_route=%2Fwp%2Fv2%2Fcomments&post=97421"}],"version-history":[{"count":1,"href":"https:\/\/www.radioamigavallenar.cl\/index.php?rest_route=\/wp\/v2\/posts\/97421\/revisions"}],"predecessor-version":[{"id":97423,"href":"https:\/\/www.radioamigavallenar.cl\/index.php?rest_route=\/wp\/v2\/posts\/97421\/revisions\/97423"}],"wp:featuredmedia":[{"embeddable":true,"href":"https:\/\/www.radioamigavallenar.cl\/index.php?rest_route=\/wp\/v2\/media\/97422"}],"wp:attachment":[{"href":"https:\/\/www.radioamigavallenar.cl\/index.php?rest_route=%2Fwp%2Fv2%2Fmedia&parent=97421"}],"wp:term":[{"taxonomy":"category","embeddable":true,"href":"https:\/\/www.radioamigavallenar.cl\/index.php?rest_route=%2Fwp%2Fv2%2Fcategories&post=97421"},{"taxonomy":"post_tag","embeddable":true,"href":"https:\/\/www.radioamigavallenar.cl\/index.php?rest_route=%2Fwp%2Fv2%2Ftags&post=97421"}],"curies":[{"name":"wp","href":"https:\/\/api.w.org\/{rel}","templated":true}]}}