{"id":97418,"date":"2026-01-12T09:06:42","date_gmt":"2026-01-12T12:06:42","guid":{"rendered":"https:\/\/www.radioamigavallenar.cl\/?p=97418"},"modified":"2026-01-12T09:06:42","modified_gmt":"2026-01-12T12:06:42","slug":"pc-respalda-llamado-de-jara-a-una-autocritica-tras-derrota-electoral","status":"publish","type":"post","link":"https:\/\/www.radioamigavallenar.cl\/?p=97418","title":{"rendered":"PC respalda llamado de Jara a una autocr\u00edtica tras derrota electoral"},"content":{"rendered":"<p>El llamado a la autocr\u00edtica planteado por la excandidata presidencial del oficialismo,\u00a0<strong>Jeannette Jara,<\/strong>\u00a0abri\u00f3 una reflexi\u00f3n al interior del Partido Comunista. Desde la colectividad se\u00f1alaron que se trata de un ejercicio necesario para revisar pr\u00e1cticas y definiciones pol\u00edticas, debate que fue respaldado por el\u00a0<strong>presidente Gabriel Boric,<\/strong>\u00a0quien valor\u00f3 la necesidad de mirarse cr\u00edticamente y no limitarse a responsabilizar al adversario.<\/p>\n<p>La Fiesta de los Abrazos volvi\u00f3 a reunir al Partido Comunista en un fin de semana cargado a la m\u00fasica, los foros y la conversaci\u00f3n pol\u00edtica. Un espacio pensado para el encuentro y la reflexi\u00f3n, donde hubo declaraciones que no pasaron inadvertidas.<\/p>\n<p>Fue ah\u00ed donde la\u00a0<strong>excandidata presidencial Jeannette Jara<\/strong>\u00a0puso sobre la mesa la necesidad de una autocr\u00edtica al interior del partido y del progresismo, especialmente en materia de relaciones internacionales y promoci\u00f3n de los derechos humanos.<\/p>\n<p><span class=\"destacador destacado\">\u201cTenemos que llevar adelante un proceso de reflexi\u00f3n interna sincero, aunque sea inc\u00f3modo, porque no todo puede ser culpa de los dem\u00e1s. Creo que la autocr\u00edtica es indispensable, y la posibilidad de que Chile pueda volver a ser gobernado desde el progresismo requiere que estemos a la altura del desaf\u00edo\u201d,<\/span>\u00a0sentenci\u00f3.<\/p>\n<h2 style=\"text-align: center;\">PC respalda llamado de Jara a una autocr\u00edtica tras derrota electoral<\/h2>\n<p>Ese planteamiento abri\u00f3 un debate que r\u00e1pidamente fue recogido desde el propio partido. El\u00a0<strong>timonel de la tienda, Lautaro Carmona,\u00a0<\/strong>explic\u00f3 que las distintas miradas que surgieron a partir de ese llamado deben procesarse en los espacios internos, desde los \u00f3rganos centrales hasta la militancia.<\/p>\n<p>Plante\u00f3 que la autocr\u00edtica es parte de la identidad hist\u00f3rica de la colectividad, que tiene un car\u00e1cter internacionalista, ra\u00edces en el mundo del trabajo y una propuesta propia para Chile.<\/p>\n<p>En esa l\u00ednea, la\u00a0<strong>secretaria general del partido, B\u00e1rbara Figueroa,<\/strong>\u00a0sostuvo que el llamado de Jeannette Jara debe entenderse como una invitaci\u00f3n a un proceso de reflexi\u00f3n m\u00e1s profundo, que no se limita a la pol\u00edtica internacional.<\/p>\n<p>Explic\u00f3 que la colectividad ya inici\u00f3 ese debate en sus espacios internos y que la autocr\u00edtica tambi\u00e9n debe considerar la realidad nacional y el momento pol\u00edtico que enfrenta el progresismo<\/p>\n<p>A ese diagn\u00f3stico se sum\u00f3 la diputada Daniela Serrano, quien afirm\u00f3 que la autocr\u00edtica debe abarcar tanto la pol\u00edtica internacional como la realidad nacional.<\/p>\n<p>Plante\u00f3 que el proceso implica recoger aprendizajes del ciclo electoral reciente, asumir que no se logr\u00f3 convocar todas las voluntades necesarias y dialogar con otras fuerzas del oficialismo para encauzar el proyecto pol\u00edtico en esta nueva etapa, con una mirada m\u00e1s fraterna y ordenada.<\/p>\n<p>Este debate interno tuvo eco tambi\u00e9n fuera del Partido Comunista. El presidente Gabriel Boric se sum\u00f3 al tono de reflexi\u00f3n y, a trav\u00e9s de una publicaci\u00f3n en su cuenta de X, respald\u00f3 expl\u00edcitamente el llamado de Jeannette Jara, se\u00f1alando que seguir\u00e1n \u201ccaminando juntos\u201d.<\/p>\n<p>En la misma l\u00ednea, y en declaraciones entregadas en conversaci\u00f3n con El Pa\u00eds, Boric profundiz\u00f3 esa idea al afirmar que una izquierda que solo se dedica a culpar al adversario de sus derrotas termina perdiendo sentido y conexi\u00f3n con la ciudadan\u00eda.<\/p>\n<p>Plante\u00f3 que el progresismo necesita mirarse a s\u00ed mismo, revisar pr\u00e1cticas y asumir responsabilidades si quiere seguir siendo una alternativa con proyecci\u00f3n, insistiendo en la importancia de una reflexi\u00f3n profunda y no defensiva.<\/p>\n<h2 style=\"text-align: center;\">Venezuela tensiona el debate pol\u00edtico<\/h2>\n<p>En ese mismo marco, la discusi\u00f3n por Venezuela y el rol de Estados Unidos volvi\u00f3 a tensionar el debate pol\u00edtico. Lautaro Carmona apunt\u00f3 directamente al presidente electo, acus\u00e1ndolo de seguir instalado en una l\u00f3gica de campa\u00f1a, sin asumir a\u00fan el est\u00e1ndar y la responsabilidad que exige un rol de Estado.<\/p>\n<p>A esas cr\u00edticas se sum\u00f3 Constanza Mart\u00ednez, presidenta del Frente Amplio, quien alert\u00f3 sobre los riesgos de una eventual subordinaci\u00f3n a intereses extranjeros.<\/p>\n<p>Se\u00f1al\u00f3 que la futura oposici\u00f3n deber\u00e1 mantenerse atenta a la defensa de la soberan\u00eda, los derechos humanos y el respeto al derecho internacional, especialmente frente a se\u00f1ales que \u2014a su juicio\u2014 generan preocupaci\u00f3n en el inicio del nuevo ciclo pol\u00edtico.<\/p>\n<p>Definiciones que se dan mientras el oficialismo comienza a reordenarse tras la elecci\u00f3n, con la autocr\u00edtica como eje central de una conversaci\u00f3n que, al menos en la Fiesta de los Abrazos, dej\u00f3 claro que no est\u00e1 cerrada y que seguir\u00e1 marcando el debate pol\u00edtico que viene.<\/p>\n","protected":false},"excerpt":{"rendered":"<p>El llamado a la autocr\u00edtica planteado por la excandidata presidencial del oficialismo,\u00a0Jeannette Jara,\u00a0abri\u00f3 una reflexi\u00f3n al interior del Partido Comunista. Desde la colectividad se\u00f1alaron que&hellip; <\/p>\n","protected":false},"author":7,"featured_media":97419,"comment_status":"closed","ping_status":"closed","sticky":false,"template":"","format":"standard","meta":{"footnotes":""},"categories":[37],"tags":[],"class_list":["post-97418","post","type-post","status-publish","format-standard","has-post-thumbnail","hentry","category-nacional"],"_links":{"self":[{"href":"https:\/\/www.radioamigavallenar.cl\/index.php?rest_route=\/wp\/v2\/posts\/97418","targetHints":{"allow":["GET"]}}],"collection":[{"href":"https:\/\/www.radioamigavallenar.cl\/index.php?rest_route=\/wp\/v2\/posts"}],"about":[{"href":"https:\/\/www.radioamigavallenar.cl\/index.php?rest_route=\/wp\/v2\/types\/post"}],"author":[{"embeddable":true,"href":"https:\/\/www.radioamigavallenar.cl\/index.php?rest_route=\/wp\/v2\/users\/7"}],"replies":[{"embeddable":true,"href":"https:\/\/www.radioamigavallenar.cl\/index.php?rest_route=%2Fwp%2Fv2%2Fcomments&post=97418"}],"version-history":[{"count":1,"href":"https:\/\/www.radioamigavallenar.cl\/index.php?rest_route=\/wp\/v2\/posts\/97418\/revisions"}],"predecessor-version":[{"id":97420,"href":"https:\/\/www.radioamigavallenar.cl\/index.php?rest_route=\/wp\/v2\/posts\/97418\/revisions\/97420"}],"wp:featuredmedia":[{"embeddable":true,"href":"https:\/\/www.radioamigavallenar.cl\/index.php?rest_route=\/wp\/v2\/media\/97419"}],"wp:attachment":[{"href":"https:\/\/www.radioamigavallenar.cl\/index.php?rest_route=%2Fwp%2Fv2%2Fmedia&parent=97418"}],"wp:term":[{"taxonomy":"category","embeddable":true,"href":"https:\/\/www.radioamigavallenar.cl\/index.php?rest_route=%2Fwp%2Fv2%2Fcategories&post=97418"},{"taxonomy":"post_tag","embeddable":true,"href":"https:\/\/www.radioamigavallenar.cl\/index.php?rest_route=%2Fwp%2Fv2%2Ftags&post=97418"}],"curies":[{"name":"wp","href":"https:\/\/api.w.org\/{rel}","templated":true}]}}