{"id":97415,"date":"2026-01-12T09:00:54","date_gmt":"2026-01-12T12:00:54","guid":{"rendered":"https:\/\/www.radioamigavallenar.cl\/?p=97415"},"modified":"2026-01-12T09:00:54","modified_gmt":"2026-01-12T12:00:54","slug":"conductor-de-camion-es-detenido-en-vallenar-trasladando-mas-de-dos-toneladas-de-droga","status":"publish","type":"post","link":"https:\/\/www.radioamigavallenar.cl\/?p=97415","title":{"rendered":"Conductor de cami\u00f3n es detenido en Vallenar trasladando m\u00e1s de dos toneladas de droga."},"content":{"rendered":"<p>Un importante golpe al narcotr\u00e1fico se concret\u00f3 tras la detenci\u00f3n de un conductor de cami\u00f3n que fue sorprendido trasladando m\u00e1s de dos toneladas de droga, en un procedimiento desarrollado por personal policial en la provincia del Huasco.<\/p>\n<p>De acuerdo con los antecedentes preliminares, el imputado manten\u00eda un amplio prontuario policial, registrando condenas anteriores por los delitos de robo con violencia y robo en lugar no habitado. Adem\u00e1s, al momento de su detenci\u00f3n, el sujeto manten\u00eda una orden de aprehensi\u00f3n vigente, emanada desde el Juzgado de Garant\u00eda de Vallenar, por el delito de receptaci\u00f3n de veh\u00edculo motorizado.<\/p>\n<p>El procedimiento permiti\u00f3 incautar una significativa cantidad de droga, cuyo peso super\u00f3 las dos toneladas, evitando as\u00ed su distribuci\u00f3n en el mercado il\u00edcito y reafirmando el trabajo investigativo y de control que desarrollan las polic\u00edas en las principales rutas de la regi\u00f3n.<\/p>\n<p>El detenido fue puesto a disposici\u00f3n del Ministerio P\u00fablico, quedando a la espera del respectivo control de detenci\u00f3n y formalizaci\u00f3n de cargos, instancia en la que se determinar\u00e1n las medidas cautelares correspondientes, mientras contin\u00faan las diligencias para establecer posibles redes vinculadas al tr\u00e1fico de drogas.<\/p>\n<p>Foto,. REFERENCIAL<\/p>\n<p>Fuente: <a href=\"https:\/\/elnoticierodelhuasco.cl\/2026\/01\/conductor-de-camion-es-detenido-en-vallenar-trasladando-mas-de-dos-toneladas-de-droga\/\" target=\"_blank\" rel=\"noopener\">El Noticiero Del Huasco<\/a><\/p>\n","protected":false},"excerpt":{"rendered":"<p>Un importante golpe al narcotr\u00e1fico se concret\u00f3 tras la detenci\u00f3n de un conductor de cami\u00f3n que fue sorprendido trasladando m\u00e1s de dos toneladas de droga,&hellip; <\/p>\n","protected":false},"author":7,"featured_media":97416,"comment_status":"closed","ping_status":"closed","sticky":false,"template":"","format":"standard","meta":{"footnotes":""},"categories":[7],"tags":[],"class_list":["post-97415","post","type-post","status-publish","format-standard","has-post-thumbnail","hentry","category-atacama"],"_links":{"self":[{"href":"https:\/\/www.radioamigavallenar.cl\/index.php?rest_route=\/wp\/v2\/posts\/97415","targetHints":{"allow":["GET"]}}],"collection":[{"href":"https:\/\/www.radioamigavallenar.cl\/index.php?rest_route=\/wp\/v2\/posts"}],"about":[{"href":"https:\/\/www.radioamigavallenar.cl\/index.php?rest_route=\/wp\/v2\/types\/post"}],"author":[{"embeddable":true,"href":"https:\/\/www.radioamigavallenar.cl\/index.php?rest_route=\/wp\/v2\/users\/7"}],"replies":[{"embeddable":true,"href":"https:\/\/www.radioamigavallenar.cl\/index.php?rest_route=%2Fwp%2Fv2%2Fcomments&post=97415"}],"version-history":[{"count":1,"href":"https:\/\/www.radioamigavallenar.cl\/index.php?rest_route=\/wp\/v2\/posts\/97415\/revisions"}],"predecessor-version":[{"id":97417,"href":"https:\/\/www.radioamigavallenar.cl\/index.php?rest_route=\/wp\/v2\/posts\/97415\/revisions\/97417"}],"wp:featuredmedia":[{"embeddable":true,"href":"https:\/\/www.radioamigavallenar.cl\/index.php?rest_route=\/wp\/v2\/media\/97416"}],"wp:attachment":[{"href":"https:\/\/www.radioamigavallenar.cl\/index.php?rest_route=%2Fwp%2Fv2%2Fmedia&parent=97415"}],"wp:term":[{"taxonomy":"category","embeddable":true,"href":"https:\/\/www.radioamigavallenar.cl\/index.php?rest_route=%2Fwp%2Fv2%2Fcategories&post=97415"},{"taxonomy":"post_tag","embeddable":true,"href":"https:\/\/www.radioamigavallenar.cl\/index.php?rest_route=%2Fwp%2Fv2%2Ftags&post=97415"}],"curies":[{"name":"wp","href":"https:\/\/api.w.org\/{rel}","templated":true}]}}