{"id":97411,"date":"2026-01-12T08:57:33","date_gmt":"2026-01-12T11:57:33","guid":{"rendered":"https:\/\/www.radioamigavallenar.cl\/?p=97411"},"modified":"2026-01-12T08:58:14","modified_gmt":"2026-01-12T11:58:14","slug":"vuelven-los-parquimetros-a-vallenar-licitacion-se-votaria-en-marzo-en-concejo-municipal","status":"publish","type":"post","link":"https:\/\/www.radioamigavallenar.cl\/?p=97411","title":{"rendered":"\u00bfVuelven los parqu\u00edmetros a Vallenar?: Licitaci\u00f3n se votar\u00eda en marzo en concejo municipal"},"content":{"rendered":"<p>Durante la \u00faltima sesi\u00f3n del Concejo Municipal de Vallenar, el concejal Robin Morales puso sobre la mesa un tema que no se ha tocado hasta el momento: el actual estado de los estacionamientos en el centro de la ciudad y el posible regreso de los parqu\u00edmetros. Ante la consulta, la administraci\u00f3n municipal confirm\u00f3 que el proceso para concesionar nuevamente el servicio de parqu\u00edmetros est\u00e1 en marcha y que en marzo se espera someter a votaci\u00f3n la licitaci\u00f3n para ser subida al portal de Mercado P\u00fablico.<\/p>\n<p>El alcalde V\u00edctor Isla, enfatiz\u00f3 que esta decisi\u00f3n es urgente para \u00abordenar el centro de la comuna\u00bb, zona que hoy presenta dificultades de movilidad y congesti\u00f3n de veh\u00edculos. Isla se\u00f1al\u00f3 que \u201cen marzo se estar\u00eda en condiciones de votar el proceso de subir la licitaci\u00f3n a Mercado P\u00fablico. Se trabajar\u00e1 en confecci\u00f3n de las bases t\u00e9cnicas para, en marzo, estar votando por la licitaci\u00f3n de la operaci\u00f3n de parqu\u00edmetros en el centro de la comuna\u201d, respondi\u00f3 al concejal en la sesi\u00f3n del mi\u00e9rcoles pasado.<\/p>\n<p>Cabe recordar que Vallenar se encuentra sin un sistema de estacionamientos controlados desde el 27 de diciembre de 2023. En aquella fecha, el alcalde Armando Flores Jim\u00e9nez decret\u00f3 el cese inmediato del contrato con la empresa concesionaria de la \u00e9poca, luego de una fiscalizaci\u00f3n que revel\u00f3 un escenario cr\u00edtico: el no pago de cotizaciones previsionales a los trabajadores y serios incumplimientos tributarios que incluso derivaron en la clausura del servicio por parte del Servicio de Impuestos Internos (SII).<\/p>\n<p>En ese entonces, la m\u00e1xima autoridad comunal fue tajante: \u201cNo podemos mantener contratos con ninguna empresa que incumpla con las normas laborales y tributarias\u201d. Esta firme postura municipal busc\u00f3 proteger los derechos de los operarios locales, aunque signific\u00f3 un largo periodo de transici\u00f3n que hoy la municipalidad busca cerrar con un nuevo proceso de licitaci\u00f3n.<\/p>\n<p>Sin embargo, la Tercera Sala de la Corte Suprema en causa rol N\u00b0 17.767-2024 confirm\u00f3 la sentencia apelada de fecha 22 de abril de 2024, dictada por la Corte de Apelaciones de Copiap\u00f3 que acogi\u00f3 el recurso de protecci\u00f3n deducido en contra de la municipalidad de Vallenar dejando sin efecto el Decreto Alcaldicio N\u00ba 4628 de fecha 20 de diciembre de 2023 del municipio, que dispone el t\u00e9rmino anticipado del contrato de concesi\u00f3n y dispuso el cobro de la garant\u00eda de fiel y oportuno cumplimiento del contrato.<\/p>\n<p>Respecto a la posibilidad de que instituciones de beneficencia asumieran el cobro, la administraci\u00f3n aclar\u00f3 que los Cuerpos de Bomberos no pueden hacerse cargo de este tipo de servicios comerciales, dado que su naturaleza como instituci\u00f3n sin fines de lucro es incompatible con la operaci\u00f3n t\u00e9cnica y administrativa que requiere una concesi\u00f3n de parqu\u00edmetros.<\/p>\n<p>Con la mira puesta en marzo, el municipio espera que el nuevo contrato no solo traiga orden al casco hist\u00f3rico, sino que garantice que la empresa que resulte ganadora cumpla con todos los est\u00e1ndares legales que el proceso anterior vulner\u00f3, devolviendo as\u00ed la convivencia vial a las principales arterias de la capital de la Provincia del Huasco.<\/p>\n<p>&nbsp;<\/p>\n<p>Fuente: <a href=\"https:\/\/elnoticierodelhuasco.cl\/2026\/01\/vuelven-los-parquimetros-avallenar-licitacion-se-votaria-en-marzo-en-concejo-municipal\/\" target=\"_blank\" rel=\"noopener\">El Noticiero Del Huasco<\/a><\/p>\n","protected":false},"excerpt":{"rendered":"<p>Durante la \u00faltima sesi\u00f3n del Concejo Municipal de Vallenar, el concejal Robin Morales puso sobre la mesa un tema que no se ha tocado hasta&hellip; <\/p>\n","protected":false},"author":7,"featured_media":97412,"comment_status":"closed","ping_status":"closed","sticky":false,"template":"","format":"standard","meta":{"footnotes":""},"categories":[7],"tags":[],"class_list":["post-97411","post","type-post","status-publish","format-standard","has-post-thumbnail","hentry","category-atacama"],"_links":{"self":[{"href":"https:\/\/www.radioamigavallenar.cl\/index.php?rest_route=\/wp\/v2\/posts\/97411","targetHints":{"allow":["GET"]}}],"collection":[{"href":"https:\/\/www.radioamigavallenar.cl\/index.php?rest_route=\/wp\/v2\/posts"}],"about":[{"href":"https:\/\/www.radioamigavallenar.cl\/index.php?rest_route=\/wp\/v2\/types\/post"}],"author":[{"embeddable":true,"href":"https:\/\/www.radioamigavallenar.cl\/index.php?rest_route=\/wp\/v2\/users\/7"}],"replies":[{"embeddable":true,"href":"https:\/\/www.radioamigavallenar.cl\/index.php?rest_route=%2Fwp%2Fv2%2Fcomments&post=97411"}],"version-history":[{"count":2,"href":"https:\/\/www.radioamigavallenar.cl\/index.php?rest_route=\/wp\/v2\/posts\/97411\/revisions"}],"predecessor-version":[{"id":97414,"href":"https:\/\/www.radioamigavallenar.cl\/index.php?rest_route=\/wp\/v2\/posts\/97411\/revisions\/97414"}],"wp:featuredmedia":[{"embeddable":true,"href":"https:\/\/www.radioamigavallenar.cl\/index.php?rest_route=\/wp\/v2\/media\/97412"}],"wp:attachment":[{"href":"https:\/\/www.radioamigavallenar.cl\/index.php?rest_route=%2Fwp%2Fv2%2Fmedia&parent=97411"}],"wp:term":[{"taxonomy":"category","embeddable":true,"href":"https:\/\/www.radioamigavallenar.cl\/index.php?rest_route=%2Fwp%2Fv2%2Fcategories&post=97411"},{"taxonomy":"post_tag","embeddable":true,"href":"https:\/\/www.radioamigavallenar.cl\/index.php?rest_route=%2Fwp%2Fv2%2Ftags&post=97411"}],"curies":[{"name":"wp","href":"https:\/\/api.w.org\/{rel}","templated":true}]}}