{"id":97408,"date":"2026-01-12T00:31:01","date_gmt":"2026-01-12T03:31:01","guid":{"rendered":"https:\/\/www.radioamigavallenar.cl\/?p=97408"},"modified":"2026-01-12T00:31:01","modified_gmt":"2026-01-12T03:31:01","slug":"liceo-japon-de-huasco-celebra-resultados-de-sus-alumnos-en-paes-2025","status":"publish","type":"post","link":"https:\/\/www.radioamigavallenar.cl\/?p=97408","title":{"rendered":"Liceo Jap\u00f3n de Huasco celebra resultados de sus alumnos en PAES 2025"},"content":{"rendered":"<p>El Liceo Jap\u00f3n de Huasco inform\u00f3 con orgullo los resultados obtenidos por sus estudiantes en la reciente Prueba de Acceso a la Educaci\u00f3n Superior (PAES).<\/p>\n<p>Con una efectividad del 70,9%, el establecimiento logr\u00f3 superar las cifras del a\u00f1o anterior, consolidando su compromiso con el futuro de los j\u00f3venes de la zona.<\/p>\n<p>Hern\u00e1n \u00c1balos Pizarro, profesor y encargado de difusi\u00f3n del liceo, destac\u00f3 que de los 110 alumnos que rindieron la prueba y 78 ya est\u00e1n en condiciones de postular a las diferentes universidades del pa\u00eds.<\/p>\n<p>Este \u00e9xito es transversal a sus dos modalidades de ense\u00f1anza: cient\u00edfico-humanista y t\u00e9cnico-profesional (Administraci\u00f3n, Electricidad y Mec\u00e1nica Industrial).<\/p>\n<p>El balance por asignatura arroj\u00f3 resultados significativos que demuestran la preparaci\u00f3n de los j\u00f3venes:<\/p>\n<ul class=\"wp-block-list\">\n<li>Matem\u00e1ticas: Destaca un alumno con puntaje entre los 801 y 900 puntos. Adem\u00e1s, 6 estudiantes obtuvieron entre 701 y 800 puntos, mientras que 15 se ubicaron en el rango de los 600 a 700.<\/li>\n<li>Competencia Lectora: 3 alumnos superaron la barrera de los 700 puntos y 16 estudiantes alcanzaron el tramo entre los 600 y 700 puntos.<\/li>\n<\/ul>\n<p>El Liceo Jap\u00f3n mantiene un trabajo permanente de preparaci\u00f3n mediante ensayos PAES, charlas vocacionales y visitas a terrenos laborales.<\/p>\n<p>Un pilar fundamental ha sido la alianza con la Universidad de Atacama (UDA). Gracias a esto, este a\u00f1o 41 alumnos lograron la habilitaci\u00f3n PACE, lo que les asegura un cupo en la educaci\u00f3n superior debido a su excelente rendimiento acad\u00e9mico. Asimismo, otro grupo de j\u00f3venes ingresar\u00e1 directamente a la UDA a trav\u00e9s del programa Proped\u00e9utico.<\/p>\n","protected":false},"excerpt":{"rendered":"<p>El Liceo Jap\u00f3n de Huasco inform\u00f3 con orgullo los resultados obtenidos por sus estudiantes en la reciente Prueba de Acceso a la Educaci\u00f3n Superior (PAES).&hellip; <\/p>\n","protected":false},"author":7,"featured_media":97409,"comment_status":"closed","ping_status":"closed","sticky":false,"template":"","format":"standard","meta":{"footnotes":""},"categories":[7],"tags":[],"class_list":["post-97408","post","type-post","status-publish","format-standard","has-post-thumbnail","hentry","category-atacama"],"_links":{"self":[{"href":"https:\/\/www.radioamigavallenar.cl\/index.php?rest_route=\/wp\/v2\/posts\/97408","targetHints":{"allow":["GET"]}}],"collection":[{"href":"https:\/\/www.radioamigavallenar.cl\/index.php?rest_route=\/wp\/v2\/posts"}],"about":[{"href":"https:\/\/www.radioamigavallenar.cl\/index.php?rest_route=\/wp\/v2\/types\/post"}],"author":[{"embeddable":true,"href":"https:\/\/www.radioamigavallenar.cl\/index.php?rest_route=\/wp\/v2\/users\/7"}],"replies":[{"embeddable":true,"href":"https:\/\/www.radioamigavallenar.cl\/index.php?rest_route=%2Fwp%2Fv2%2Fcomments&post=97408"}],"version-history":[{"count":1,"href":"https:\/\/www.radioamigavallenar.cl\/index.php?rest_route=\/wp\/v2\/posts\/97408\/revisions"}],"predecessor-version":[{"id":97410,"href":"https:\/\/www.radioamigavallenar.cl\/index.php?rest_route=\/wp\/v2\/posts\/97408\/revisions\/97410"}],"wp:featuredmedia":[{"embeddable":true,"href":"https:\/\/www.radioamigavallenar.cl\/index.php?rest_route=\/wp\/v2\/media\/97409"}],"wp:attachment":[{"href":"https:\/\/www.radioamigavallenar.cl\/index.php?rest_route=%2Fwp%2Fv2%2Fmedia&parent=97408"}],"wp:term":[{"taxonomy":"category","embeddable":true,"href":"https:\/\/www.radioamigavallenar.cl\/index.php?rest_route=%2Fwp%2Fv2%2Fcategories&post=97408"},{"taxonomy":"post_tag","embeddable":true,"href":"https:\/\/www.radioamigavallenar.cl\/index.php?rest_route=%2Fwp%2Fv2%2Ftags&post=97408"}],"curies":[{"name":"wp","href":"https:\/\/api.w.org\/{rel}","templated":true}]}}