{"id":97405,"date":"2026-01-12T00:23:47","date_gmt":"2026-01-12T03:23:47","guid":{"rendered":"https:\/\/www.radioamigavallenar.cl\/?p=97405"},"modified":"2026-01-12T00:23:47","modified_gmt":"2026-01-12T03:23:47","slug":"caldera-indespa-y-gore-atacama-entregan-beneficios-a-la-pesca-artesanal","status":"publish","type":"post","link":"https:\/\/www.radioamigavallenar.cl\/?p=97405","title":{"rendered":"Caldera : Indespa y Gore Atacama entregan beneficios a la pesca artesanal"},"content":{"rendered":"<p>En el sal\u00f3n de la biblioteca p\u00fablica de Caldera el Gobierno Regional hizo entrega de los recursos a la pesca artesanal, recursos que buscan contribuir a mejorar la capacidad de gesti\u00f3n de las organizaciones de la pesca artesanal del borde costero de Atacama, a trav\u00e9s del financiamiento de instancias de capacitaci\u00f3n y asistencia t\u00e9cnica que promuevan el fortalecimiento de competencias con enfoque de g\u00e9nero de la organizaci\u00f3n y sus asociadas y asociados. La ceremonia estuvo encabezada por el director nacional de Indespa Leonardo Llanos, el gobernador regional Miguel Vargas, la alcaldesa de Caldera Brunilda Gonz\u00e1lez, la representante del Diputado Jaime Mulet Soledad Gonz\u00e1lez, los concejales Nat\u00e1n Pereira, Jason Gaete y los representantes de las organizaciones de la pesca artesanal.<\/p>\n<div class=\"code-block code-block-3\">\n<div id=\"sas_99069\"><\/div>\n<\/div>\n<p>Leonardo Llanos Huerta, director nacional de INDESPA, coment\u00f3 \u201cEstamos felices de concretar esta entrega de recursos, hace un tiempo estuvimos con el Gobernador para poder dise\u00f1ar un programa que favorezca a la pesca artesanal, en el d\u00eda de hoy estamos materializando la entrega a 23 organizaciones de la regi\u00f3n de Atacama, y lo importante es que este programa contin\u00faa. Este 2026 vamos a seguir abriendo concursos para poder destinar m\u00e1s importantes recursos al sector, y eso obviamente tambi\u00e9n gratifica y fortalece la actividad de la pesca artesanal de la regi\u00f3n, \u00a0y eso obviamente favorece tambi\u00e9n a todos los que nos gusta consumir productos del mar, porque en la medida que les vaya bien a los pescadores, tenemos la posibilidad tambi\u00e9n de degustar, obviamente, m\u00e1s productos del mar, as\u00ed que es una posibilidad que beneficia tambi\u00e9n a quienes nos gustan los productos del mar, y estos programas obviamente van en beneficio directamente al fomento de la actividad de la pesca artesanal\u201d.<\/p>\n<p>Miguel Vargas, Gobernador Regional, indic\u00f3 \u201cEs importante de asumir los compromisos en esta caso con el sector pesquero artesanal, hace algunos meses nos juntamos con el sector y nace la idea de ejecutar un nuevo programa que beneficia a las organizaciones del borde costero y en especial de este sector que es tan importante para la econom\u00eda de Atacama como es la pesca y la acuicultura a peque\u00f1a escala, \u00a0inmediatamente nos pusimos a trabajar que implica un gran acuerdo con Indespa y eso se traduce en un programa con un convenio de colaboraci\u00f3n y hoy entregamos los recursos a los proyectos de la pesca artesanal se ha destinado una suma superior a los 300 millones de pesos y todav\u00eda nos resta recorrer un camino en este programa que se suma a otras iniciativas que estamos implementando con el sector pesquero\u201d.<\/p>\n<div class=\"code-block code-block-5\">\n<div id=\"sas_99435\"><\/div>\n<\/div>\n<p>El Instituto Nacional de Desarrollo Sustentable de la Pesca Artesanal y de la Acuicultura de Peque\u00f1a Escala (INDESPA), tiene como objetivo el desarrollo sustentable de la pesca artesanal, y estos programas en alianza con los gobiernos regionales son herramientas importantes para avanzar y transformar ideas en acciones concretas.<\/p>\n<p>Brunilda Gonz\u00e1lez, alcaldesa de Caldera, manifest\u00f3 \u201cestamos muy agradecidos del gobierno regional de nuestro y su consejo regional y por supuesto tambi\u00e9n del gobierno de Chile, a trav\u00e9s de INDESPA y el compromiso tambi\u00e9n de nuestro municipio pero especialmente de quienes representan a los beneficiarios de estos proyectos que son la pesca artesanal hombres y mujeres que conforman el conjunto de los 530 kil\u00f3metros de costa que tiene la regi\u00f3n de Atacama, \u00a0han sido beneficiadas 23 organizaciones, un monto muy importante de recursos, \u00a0pero entre el a\u00f1o 2025 y 2026 hay un compromiso entre INDESPA y el gobierno regional de Atacama de entregar a la pesca artesanal alrededor de 2 millones y medio de d\u00f3lares. Estamos hablando que es una inversi\u00f3n que refleja el compromiso de que nuestro gobierno no le da la espalda a la costa, muy por el contrario, miran hacia ella con el horizonte de futuro como merece la pesca artesanal\u201d.<\/p>\n<p>Este tipo de iniciativas reafirma la alianza virtuosa con el Gobierno Regional de Atacama para desarrollar programas con enfoque territorial e inclusivo en beneficio de la pesca y acuicultura de peque\u00f1a escala, esto demuestra un compromiso genuino con el sector pesquero, y reconoce su valor cultural, social y econ\u00f3mico para el territorio costero.<\/p>\n<p>Miguel Avalos, presidente de la Corporaci\u00f3n de la pesca artesanal y presidente del Sindicato de Falucheros de Caldera, se\u00f1al\u00f3 \u201cUn gran apoyo a la pesca artesanal ya que al final hab\u00edamos tomado un acuerdo con el gobernador regional junto a su equipo en una visita a nuestra caleta donde nos comentaron de esta programa que iban a entregar y ah\u00ed fuimos muy solidarios entre los due\u00f1os de embarcaciones y los pescadores propiamente tal y ah\u00ed decidimos el estricto apoyo al pescador artesanal ya que ellos tienen mayor necesidad como es la indumentaria y la seguridad que iban a tener a futuro. Esto ha sido un gran logro para nuestro sector es por eso que agradecemos al gobierno regional ya que podremos adquirir con este proyecto ropa de agua ya que es tan costosa tenerla, ropa de abrigo y elementos de seguridad\u201d.<\/p>\n<p>Finalmente, Erick G\u00f3mez, representante STI pescadores artesanales de Caldera, expres\u00f3 \u201cEste proyecto no solamente es del sindicato de pescadores, es de la corporaci\u00f3n y sindicato faluchero, entre las tres instituciones optamos por este beneficio, lo cual result\u00f3 y sali\u00f3 muy bien para la gente, para que los pescadores cambien sus indumentarias como botas de agua, ropa de agua, implementaci\u00f3n para sus embarcaciones, agradecer al gobierno regional y a Indespa por este apoyo a nosotros como pescadores\u201d.<\/p>\n","protected":false},"excerpt":{"rendered":"<p>En el sal\u00f3n de la biblioteca p\u00fablica de Caldera el Gobierno Regional hizo entrega de los recursos a la pesca artesanal, recursos que buscan contribuir&hellip; <\/p>\n","protected":false},"author":7,"featured_media":97406,"comment_status":"closed","ping_status":"closed","sticky":false,"template":"","format":"standard","meta":{"footnotes":""},"categories":[7],"tags":[],"class_list":["post-97405","post","type-post","status-publish","format-standard","has-post-thumbnail","hentry","category-atacama"],"_links":{"self":[{"href":"https:\/\/www.radioamigavallenar.cl\/index.php?rest_route=\/wp\/v2\/posts\/97405","targetHints":{"allow":["GET"]}}],"collection":[{"href":"https:\/\/www.radioamigavallenar.cl\/index.php?rest_route=\/wp\/v2\/posts"}],"about":[{"href":"https:\/\/www.radioamigavallenar.cl\/index.php?rest_route=\/wp\/v2\/types\/post"}],"author":[{"embeddable":true,"href":"https:\/\/www.radioamigavallenar.cl\/index.php?rest_route=\/wp\/v2\/users\/7"}],"replies":[{"embeddable":true,"href":"https:\/\/www.radioamigavallenar.cl\/index.php?rest_route=%2Fwp%2Fv2%2Fcomments&post=97405"}],"version-history":[{"count":1,"href":"https:\/\/www.radioamigavallenar.cl\/index.php?rest_route=\/wp\/v2\/posts\/97405\/revisions"}],"predecessor-version":[{"id":97407,"href":"https:\/\/www.radioamigavallenar.cl\/index.php?rest_route=\/wp\/v2\/posts\/97405\/revisions\/97407"}],"wp:featuredmedia":[{"embeddable":true,"href":"https:\/\/www.radioamigavallenar.cl\/index.php?rest_route=\/wp\/v2\/media\/97406"}],"wp:attachment":[{"href":"https:\/\/www.radioamigavallenar.cl\/index.php?rest_route=%2Fwp%2Fv2%2Fmedia&parent=97405"}],"wp:term":[{"taxonomy":"category","embeddable":true,"href":"https:\/\/www.radioamigavallenar.cl\/index.php?rest_route=%2Fwp%2Fv2%2Fcategories&post=97405"},{"taxonomy":"post_tag","embeddable":true,"href":"https:\/\/www.radioamigavallenar.cl\/index.php?rest_route=%2Fwp%2Fv2%2Ftags&post=97405"}],"curies":[{"name":"wp","href":"https:\/\/api.w.org\/{rel}","templated":true}]}}