{"id":97402,"date":"2026-01-09T12:56:30","date_gmt":"2026-01-09T15:56:30","guid":{"rendered":"https:\/\/www.radioamigavallenar.cl\/?p=97402"},"modified":"2026-01-09T12:56:30","modified_gmt":"2026-01-09T15:56:30","slug":"primera-exportacion-de-uvas-de-atacama-por-el-puerto-de-caldera","status":"publish","type":"post","link":"https:\/\/www.radioamigavallenar.cl\/?p=97402","title":{"rendered":"Primera exportaci\u00f3n de uvas de Atacama por el puerto de Caldera."},"content":{"rendered":"<p><strong>Con la llegada del buque \u00abCS CARE\u201d de Singapur, una nave de 162 metros de eslora y 26 metros de manga quien procedi\u00f3 a embarcar en el puerto de Caldera 2540 pallets de uva de mesa del valle de Copiap\u00f3 y cuyo destino es Gloucester, Estados Unidos.<\/strong><\/p>\n<p>La temporada de embarque de uva sali\u00f3 atrasado este 2026 ya que tradicionalmente comienzan a embarcar durante la quincena de diciembre, la temporada de embarque de frutas especialmente la uva es muy importante para los trabajadores portuarios de Caldera ya que es una muy buena fuente de ingreso para sus hogares, el impacto laboral de esta actividad es muy significativo, con alrededor de 400 empleos distribuidos en tres turnos.<\/p>\n<p>Michel Rivera, Presidente del Sindicato N\u00ba 1 de Estibadores, manifest\u00f3 \u201cUna muy buena fuente laboral para nuestros trabajadores portuarios de Caldera, especial para el sindicato nuestro, la temporada est\u00e1 comenzando muy tarde y no sabemos la raz\u00f3n de esta tardanza porque nunca hab\u00edamos comenzado una temporada en enero sino que en diciembre ya se estaban embarcando los primeros pallets, pero ya estamos embarcando y eso pone felices a todos porque hay trabajo para los estibadores calderinos donde tenemos due\u00f1as de casa y muchas personas que esperan esto, esperemos que sea una buena temporada ya que tenemos conocimientos que hay una buena cantidad de barcos para este mes y para el pr\u00f3ximo\u201d.<\/p>\n<p>El embarque se desarrolla en el Terminal Portuario de Caldera administrado por la empresa Marval, las operaciones se trabajan en tres turnos con todas las medidas de seguridad dispuestas internacionalmente para garantizar la seguridad para los trabajadores portuarios, todo esto fiscalizado por la Capitan\u00eda de Puerto y por la propia empresa asegurando que el inicio de la temporada se realiza bajo las mejores condiciones.<\/p>\n","protected":false},"excerpt":{"rendered":"<p>Con la llegada del buque \u00abCS CARE\u201d de Singapur, una nave de 162 metros de eslora y 26 metros de manga quien procedi\u00f3 a embarcar&hellip; <\/p>\n","protected":false},"author":7,"featured_media":97403,"comment_status":"closed","ping_status":"closed","sticky":false,"template":"","format":"standard","meta":{"footnotes":""},"categories":[38],"tags":[],"class_list":["post-97402","post","type-post","status-publish","format-standard","has-post-thumbnail","hentry","category-portada-regional"],"_links":{"self":[{"href":"https:\/\/www.radioamigavallenar.cl\/index.php?rest_route=\/wp\/v2\/posts\/97402","targetHints":{"allow":["GET"]}}],"collection":[{"href":"https:\/\/www.radioamigavallenar.cl\/index.php?rest_route=\/wp\/v2\/posts"}],"about":[{"href":"https:\/\/www.radioamigavallenar.cl\/index.php?rest_route=\/wp\/v2\/types\/post"}],"author":[{"embeddable":true,"href":"https:\/\/www.radioamigavallenar.cl\/index.php?rest_route=\/wp\/v2\/users\/7"}],"replies":[{"embeddable":true,"href":"https:\/\/www.radioamigavallenar.cl\/index.php?rest_route=%2Fwp%2Fv2%2Fcomments&post=97402"}],"version-history":[{"count":1,"href":"https:\/\/www.radioamigavallenar.cl\/index.php?rest_route=\/wp\/v2\/posts\/97402\/revisions"}],"predecessor-version":[{"id":97404,"href":"https:\/\/www.radioamigavallenar.cl\/index.php?rest_route=\/wp\/v2\/posts\/97402\/revisions\/97404"}],"wp:featuredmedia":[{"embeddable":true,"href":"https:\/\/www.radioamigavallenar.cl\/index.php?rest_route=\/wp\/v2\/media\/97403"}],"wp:attachment":[{"href":"https:\/\/www.radioamigavallenar.cl\/index.php?rest_route=%2Fwp%2Fv2%2Fmedia&parent=97402"}],"wp:term":[{"taxonomy":"category","embeddable":true,"href":"https:\/\/www.radioamigavallenar.cl\/index.php?rest_route=%2Fwp%2Fv2%2Fcategories&post=97402"},{"taxonomy":"post_tag","embeddable":true,"href":"https:\/\/www.radioamigavallenar.cl\/index.php?rest_route=%2Fwp%2Fv2%2Ftags&post=97402"}],"curies":[{"name":"wp","href":"https:\/\/api.w.org\/{rel}","templated":true}]}}