{"id":97399,"date":"2026-01-09T10:18:10","date_gmt":"2026-01-09T13:18:10","guid":{"rendered":"https:\/\/www.radioamigavallenar.cl\/?p=97399"},"modified":"2026-01-09T12:20:16","modified_gmt":"2026-01-09T15:20:16","slug":"declaran-alerta-roja-para-la-region-metropolitana-por-calor-extremo-pronosticado-para-el-fin-de-semana","status":"publish","type":"post","link":"https:\/\/www.radioamigavallenar.cl\/?p=97399","title":{"rendered":"Declaran Alerta Roja para la regi\u00f3n Metropolitana por calor extremo pronosticado para el fin de semana"},"content":{"rendered":"<p>Este viernes, el subsecretario del Interior,\u00a0<strong>V\u00edctor Ramos<\/strong>, junto a la directora nacional de Senapred,\u00a0<strong>Alicia Cebri\u00e1n<\/strong>, anunciaron el decreto de\u00a0<span class=\"destacador destacado\">Alerta Roja para la regi\u00f3n Metropolitana por el calor extremo pronosticado para este fin de semana.<\/span><\/p>\n<p>Ramos detall\u00f3 en un punto de prensa que la RM registrar\u00e1 temperaturas\u00a0<strong>por sobre los 34\u00b0 \u201cen gran parte de la superficie\u201d<\/strong>, lo que deriv\u00f3 en la medida.<\/p>\n<h2 style=\"text-align: center;\">Declaran Alerta Roja para la regi\u00f3n Metropolitana<\/h2>\n<p>\u201cSon temperaturas de alto riesgo, por lo que se han emitido las alertas que corresponden\u201d, enfatiz\u00f3 el subsecretario, lo que despu\u00e9s fue recalcado por Cebri\u00e1n en la misma instancia.<\/p>\n<p>As\u00ed, y de acuerdo a la informaci\u00f3n proporcionada por la Direcci\u00f3n Meteorol\u00f3gica de Chile (DMC), se encontrar\u00e1 vigente dicho alertamiento meteorol\u00f3gico para la regi\u00f3n Metropolitana desde hoy viernes hasta el domingo 11.<\/p>\n<p>Las altas temperaturas se registrar\u00e1n espec\u00edficamente en\u00a0<strong>la cordillera de la costa, valle y precordillera<\/strong>.<\/p>\n<p>El Senapred recomend\u00f3 a la poblaci\u00f3n protegerse y extremar las precauciones ante los riesgos derivados del calor extremo, con especial atenci\u00f3n a la poblaci\u00f3n m\u00e1s vulnerable (ni\u00f1os, adultos mayores, embarazadas y personas con patolog\u00edas de base y\/o cr\u00f3nicas).<\/p>\n","protected":false},"excerpt":{"rendered":"<p>Este viernes, el subsecretario del Interior,\u00a0V\u00edctor Ramos, junto a la directora nacional de Senapred,\u00a0Alicia Cebri\u00e1n, anunciaron el decreto de\u00a0Alerta Roja para la regi\u00f3n Metropolitana por&hellip; <\/p>\n","protected":false},"author":7,"featured_media":97400,"comment_status":"closed","ping_status":"closed","sticky":false,"template":"","format":"standard","meta":{"footnotes":""},"categories":[37],"tags":[],"class_list":["post-97399","post","type-post","status-publish","format-standard","has-post-thumbnail","hentry","category-nacional"],"_links":{"self":[{"href":"https:\/\/www.radioamigavallenar.cl\/index.php?rest_route=\/wp\/v2\/posts\/97399","targetHints":{"allow":["GET"]}}],"collection":[{"href":"https:\/\/www.radioamigavallenar.cl\/index.php?rest_route=\/wp\/v2\/posts"}],"about":[{"href":"https:\/\/www.radioamigavallenar.cl\/index.php?rest_route=\/wp\/v2\/types\/post"}],"author":[{"embeddable":true,"href":"https:\/\/www.radioamigavallenar.cl\/index.php?rest_route=\/wp\/v2\/users\/7"}],"replies":[{"embeddable":true,"href":"https:\/\/www.radioamigavallenar.cl\/index.php?rest_route=%2Fwp%2Fv2%2Fcomments&post=97399"}],"version-history":[{"count":1,"href":"https:\/\/www.radioamigavallenar.cl\/index.php?rest_route=\/wp\/v2\/posts\/97399\/revisions"}],"predecessor-version":[{"id":97401,"href":"https:\/\/www.radioamigavallenar.cl\/index.php?rest_route=\/wp\/v2\/posts\/97399\/revisions\/97401"}],"wp:featuredmedia":[{"embeddable":true,"href":"https:\/\/www.radioamigavallenar.cl\/index.php?rest_route=\/wp\/v2\/media\/97400"}],"wp:attachment":[{"href":"https:\/\/www.radioamigavallenar.cl\/index.php?rest_route=%2Fwp%2Fv2%2Fmedia&parent=97399"}],"wp:term":[{"taxonomy":"category","embeddable":true,"href":"https:\/\/www.radioamigavallenar.cl\/index.php?rest_route=%2Fwp%2Fv2%2Fcategories&post=97399"},{"taxonomy":"post_tag","embeddable":true,"href":"https:\/\/www.radioamigavallenar.cl\/index.php?rest_route=%2Fwp%2Fv2%2Ftags&post=97399"}],"curies":[{"name":"wp","href":"https:\/\/api.w.org\/{rel}","templated":true}]}}