{"id":97396,"date":"2026-01-09T11:45:14","date_gmt":"2026-01-09T14:45:14","guid":{"rendered":"https:\/\/www.radioamigavallenar.cl\/?p=97396"},"modified":"2026-01-09T11:45:14","modified_gmt":"2026-01-09T14:45:14","slug":"rio-tinto-y-glencore-negocian-megafusion-seria-la-mayor-compania-de-la-industria-minera","status":"publish","type":"post","link":"https:\/\/www.radioamigavallenar.cl\/?p=97396","title":{"rendered":"Rio Tinto y Glencore negocian megafusi\u00f3n: ser\u00eda la mayor compa\u00f1\u00eda de la industria minera"},"content":{"rendered":"<p>Tienen acciones en Escondida, Collahuasi, Lomas Bayas y complejo Altonorte. Adem\u00e1s, Rio Tinto explotar\u00e1 litio con Codelco y Enami en Atacama.<\/p>\n<p>Glencore Plc y Rio Tinto est\u00e1n en conversaciones preliminares sobre una posible fusi\u00f3n que podr\u00eda crear la mayor compa\u00f1\u00eda minera del mundo.<\/p>\n<p>Seg\u00fan Bloomberg -que report\u00f3 la noticia- ambas empresas poseen un valor de mercado combinado de US$207 mil millones.<\/p>\n<p>Esto viene a sumarse a la serie de acuerdos -e intentos de acuerdos- llevados a cabo por grandes compa\u00f1\u00edas en los \u00faltimos a\u00f1os.<\/p>\n<p>Por un lado, Anglo American y Teck acordaron en septiembre de 2025 una de las fusiones m\u00e1s grandes del \u00faltimo tiempo. Sin embargo, est\u00e1 el caso de BHP que en varias ocasiones ha intentado comprar Anglo American.<\/p>\n<p>A fines del a\u00f1o pasado, la minera australiana desisti\u00f3 de seguir adelante con una oferta al respecto.<br \/>\nSobre el nuevo acuerdo: Rio Tinto es una minera anglo-australiana con operaciones en 35 pa\u00edses y que en Chile es accionista de Escondida, la mina de cobre m\u00e1s productiva del mundo. Adem\u00e1s, ha logrado diversos acuerdos tanto en materia de cobre como litio con Codelco y Enami.<\/p>\n<p>Glencore, por su parte, est\u00e1 presente en m\u00e1s de 30 pa\u00edses y trabaja m\u00e1s de 60 materias primas. En Chile posee el 44% de Collahuasi, minera donde Anglo American tambi\u00e9n es accionista en el mismo porcentaje. Tambi\u00e9n es due\u00f1a de la Compa\u00f1\u00eda Minera Lomas Bayas y el Complejo Metal\u00fargico Altonorte.<\/p>\n","protected":false},"excerpt":{"rendered":"<p>Tienen acciones en Escondida, Collahuasi, Lomas Bayas y complejo Altonorte. Adem\u00e1s, Rio Tinto explotar\u00e1 litio con Codelco y Enami en Atacama. Glencore Plc y Rio&hellip; <\/p>\n","protected":false},"author":7,"featured_media":97397,"comment_status":"closed","ping_status":"closed","sticky":false,"template":"","format":"standard","meta":{"footnotes":""},"categories":[38],"tags":[],"class_list":["post-97396","post","type-post","status-publish","format-standard","has-post-thumbnail","hentry","category-portada-regional"],"_links":{"self":[{"href":"https:\/\/www.radioamigavallenar.cl\/index.php?rest_route=\/wp\/v2\/posts\/97396","targetHints":{"allow":["GET"]}}],"collection":[{"href":"https:\/\/www.radioamigavallenar.cl\/index.php?rest_route=\/wp\/v2\/posts"}],"about":[{"href":"https:\/\/www.radioamigavallenar.cl\/index.php?rest_route=\/wp\/v2\/types\/post"}],"author":[{"embeddable":true,"href":"https:\/\/www.radioamigavallenar.cl\/index.php?rest_route=\/wp\/v2\/users\/7"}],"replies":[{"embeddable":true,"href":"https:\/\/www.radioamigavallenar.cl\/index.php?rest_route=%2Fwp%2Fv2%2Fcomments&post=97396"}],"version-history":[{"count":1,"href":"https:\/\/www.radioamigavallenar.cl\/index.php?rest_route=\/wp\/v2\/posts\/97396\/revisions"}],"predecessor-version":[{"id":97398,"href":"https:\/\/www.radioamigavallenar.cl\/index.php?rest_route=\/wp\/v2\/posts\/97396\/revisions\/97398"}],"wp:featuredmedia":[{"embeddable":true,"href":"https:\/\/www.radioamigavallenar.cl\/index.php?rest_route=\/wp\/v2\/media\/97397"}],"wp:attachment":[{"href":"https:\/\/www.radioamigavallenar.cl\/index.php?rest_route=%2Fwp%2Fv2%2Fmedia&parent=97396"}],"wp:term":[{"taxonomy":"category","embeddable":true,"href":"https:\/\/www.radioamigavallenar.cl\/index.php?rest_route=%2Fwp%2Fv2%2Fcategories&post=97396"},{"taxonomy":"post_tag","embeddable":true,"href":"https:\/\/www.radioamigavallenar.cl\/index.php?rest_route=%2Fwp%2Fv2%2Ftags&post=97396"}],"curies":[{"name":"wp","href":"https:\/\/api.w.org\/{rel}","templated":true}]}}