{"id":97393,"date":"2026-01-09T09:13:19","date_gmt":"2026-01-09T12:13:19","guid":{"rendered":"https:\/\/www.radioamigavallenar.cl\/?p=97393"},"modified":"2026-01-09T11:15:00","modified_gmt":"2026-01-09T14:15:00","slug":"grau-gobierno-de-kast-recibira-el-pais-con-excelentes-cifras-economicas","status":"publish","type":"post","link":"https:\/\/www.radioamigavallenar.cl\/?p=97393","title":{"rendered":"Grau: Gobierno de Kast recibir\u00e1 el pa\u00eds con excelentes cifras econ\u00f3micas"},"content":{"rendered":"<p>El\u00a0<strong>ministro de Hacienda, Nicol\u00e1s Grau<\/strong>, asegur\u00f3 \u00a0que\u00a0<strong>el gobierno del Presidente electo, Jos\u00e9 Antonio Kast<\/strong>, recibir\u00e1 el pa\u00eds con\u00a0<strong>cifras muy positivas<\/strong>\u00a0en materia de\u00a0<strong>inflaci\u00f3n, exportaciones e inversi\u00f3n<\/strong>.<\/p>\n<p>\u00abHay una entrevista que dio<strong>\u00a0Roberto Zahler, expresidente del Banco Central<\/strong>, en el\u00a0<em>Diario Financiero<\/em>\u00a0hace algunos d\u00edas, donde dec\u00eda:\u00a0<strong>&#8216;No recuerdo a un gobierno que haya partido con mejores condiciones macroecon\u00f3micas que el que va a partir en unas pocas semanas&#8217;<\/strong>\u00ab.<\/p>\n<p>En ese sentido, el jefe de la billetera fiscal remarc\u00f3 que \u00ab<strong>no s\u00f3lo es una buena noticia para el pr\u00f3ximo gobierno, sino que lo es para el pa\u00eds, la situaci\u00f3n que tenemos de inflaci\u00f3n, de exportaciones y de inversi\u00f3n<\/strong>\u00ab, precisando que \u00abla \u00faltima proyecci\u00f3n del 2025 es que la inversi\u00f3n creci\u00f3 un 7%; las exportaciones crecieron un 7,9%, y llevamos 33 meses con los salarios reales creciendo\u00bb.<\/p>\n<p><strong>\u00abEntonces, hay una serie de condiciones que son muy distintas a las que nosotros nos toc\u00f3 heredar como administraci\u00f3n\u00bb<\/strong>, subray\u00f3 Grau, aunque reconociendo que el Covid-19 agrav\u00f3 la situaci\u00f3n que debi\u00f3 gestionar el Presidente Gabriel Boric.<\/p>\n<p><strong>Respecto del \u00absue\u00f1o\u00bb de su eventual sucesor en Hacienda, Jorge Quiroz, de\u00a0alcanzar un Imacec de dos digitos<\/strong>, el ministro consider\u00f3 que \u00ab<strong>es bueno que las nuevas autoridades se pongan metas ambiciosas<\/strong>, no veo eso como algo negativo. Ojal\u00e1 que todos podamos contribuir a que esas metas se cumplan\u00bb.<\/p>\n<p>\u00abLo importante es que\u00a0<strong>ya nadie discute que el punto de partida que tiene este (futuro) gobierno es mucho mejor que el que tuvimos nosotros<\/strong>, y eso es lo que debiera pasar siempre, porque todos los gobiernos nos tenemos que poner como meta entregar un pa\u00eds que est\u00e9 en mejores condiciones que el que recibimos\u00bb, remat\u00f3.<\/p>\n<h2 style=\"text-align: center;\"><strong>Ley de Permisolog\u00eda ayudar\u00e1 a superar los \u00abdesaf\u00edos regulatorios\u00bb<\/strong><\/h2>\n<p>Por otro lado, el titular de Hacienda\u00a0<strong>record\u00f3 que la administraci\u00f3n saliente impuls\u00f3 y promulg\u00f3 \u00abla reforma m\u00e1s importante que se ha hecho\u00a0en materia de permisos\u00bb<\/strong>, que entre otras cosas, facilita las tramitaciones de proyectos de bajo riesgo, de modo que el sistema \u00abpueda concentrarse en permisos que s\u00ed implican m\u00e1s riesgo y es importante que sean revisados.\u00a0<strong>Entonces, hay condiciones para crecer m\u00e1s<\/strong>\u00ab.<\/p>\n<p><strong>Consultado entonces por los dichos de Quiroz<\/strong>, quien se\u00f1al\u00f3 que la regulaci\u00f3n sigue siendo excesiva, con\u00a0<strong>m\u00e1s de 12 mil millones de d\u00f3lares retenidos<\/strong>\u00a0por procesos ambientales muy largos, Grau admiti\u00f3 que\u00a0<strong>\u00abexisten desaf\u00edos regulatorios en nuestro pa\u00eds\u00bb<\/strong>, pero que los datos dan cuenta de que el 2025 fue \u00abel a\u00f1o en que se ha aprobado el monto m\u00e1s grande en la historia del Servicio de Evaluaci\u00f3n Ambiental, por m\u00e1s de 40 mil millones de d\u00f3lares\u00bb.<\/p>\n<p>Por lo dem\u00e1s, dijo que \u00ab<strong>el mismo Jorge Quiroz coment\u00f3 que los cambios que har\u00e1n ser\u00e1n sobre lo que ya se ha construido<\/strong>\u00a0a partir de esta reforma -porque hay que implementarla-, y esa es una gran oportunidad para que el pr\u00f3ximo gobierno, sin necesidad de hacer cambios legales, mejore los procesos.\u00a0<strong>Podemos hacerlos m\u00e1s r\u00e1pidos sin necesidad de bajar el est\u00e1ndar<\/strong>. Yo dir\u00eda que en la medida de que estas dos cosas se conjuguen bien, vamos a ir por un buen camino\u00bb.<\/p>\n","protected":false},"excerpt":{"rendered":"<p>El\u00a0ministro de Hacienda, Nicol\u00e1s Grau, asegur\u00f3 \u00a0que\u00a0el gobierno del Presidente electo, Jos\u00e9 Antonio Kast, recibir\u00e1 el pa\u00eds con\u00a0cifras muy positivas\u00a0en materia de\u00a0inflaci\u00f3n, exportaciones e inversi\u00f3n.&hellip; <\/p>\n","protected":false},"author":7,"featured_media":97394,"comment_status":"closed","ping_status":"closed","sticky":false,"template":"","format":"standard","meta":{"footnotes":""},"categories":[37],"tags":[],"class_list":["post-97393","post","type-post","status-publish","format-standard","has-post-thumbnail","hentry","category-nacional"],"_links":{"self":[{"href":"https:\/\/www.radioamigavallenar.cl\/index.php?rest_route=\/wp\/v2\/posts\/97393","targetHints":{"allow":["GET"]}}],"collection":[{"href":"https:\/\/www.radioamigavallenar.cl\/index.php?rest_route=\/wp\/v2\/posts"}],"about":[{"href":"https:\/\/www.radioamigavallenar.cl\/index.php?rest_route=\/wp\/v2\/types\/post"}],"author":[{"embeddable":true,"href":"https:\/\/www.radioamigavallenar.cl\/index.php?rest_route=\/wp\/v2\/users\/7"}],"replies":[{"embeddable":true,"href":"https:\/\/www.radioamigavallenar.cl\/index.php?rest_route=%2Fwp%2Fv2%2Fcomments&post=97393"}],"version-history":[{"count":1,"href":"https:\/\/www.radioamigavallenar.cl\/index.php?rest_route=\/wp\/v2\/posts\/97393\/revisions"}],"predecessor-version":[{"id":97395,"href":"https:\/\/www.radioamigavallenar.cl\/index.php?rest_route=\/wp\/v2\/posts\/97393\/revisions\/97395"}],"wp:featuredmedia":[{"embeddable":true,"href":"https:\/\/www.radioamigavallenar.cl\/index.php?rest_route=\/wp\/v2\/media\/97394"}],"wp:attachment":[{"href":"https:\/\/www.radioamigavallenar.cl\/index.php?rest_route=%2Fwp%2Fv2%2Fmedia&parent=97393"}],"wp:term":[{"taxonomy":"category","embeddable":true,"href":"https:\/\/www.radioamigavallenar.cl\/index.php?rest_route=%2Fwp%2Fv2%2Fcategories&post=97393"},{"taxonomy":"post_tag","embeddable":true,"href":"https:\/\/www.radioamigavallenar.cl\/index.php?rest_route=%2Fwp%2Fv2%2Ftags&post=97393"}],"curies":[{"name":"wp","href":"https:\/\/api.w.org\/{rel}","templated":true}]}}