{"id":97390,"date":"2026-01-09T11:12:13","date_gmt":"2026-01-09T14:12:13","guid":{"rendered":"https:\/\/www.radioamigavallenar.cl\/?p=97390"},"modified":"2026-01-09T11:12:13","modified_gmt":"2026-01-09T14:12:13","slug":"megaoperativo-en-5-regiones-para-capturar-banda-china-estafo-400-personas-y-defraudo-188-mil-millones","status":"publish","type":"post","link":"https:\/\/www.radioamigavallenar.cl\/?p=97390","title":{"rendered":"Megaoperativo en 5 regiones para capturar banda china: estaf\u00f3 400 personas y defraud\u00f3 188 mil millones"},"content":{"rendered":"<p>Esta ma\u00f1ana se dio inicio a un megaoperativo en cinco regiones del pa\u00eds, incluida la\u00a0<strong>regi\u00f3n Metropolitana<\/strong>, contra una\u00a0<strong>banda<\/strong>\u00a0encabezada por\u00a0<strong>cuatro ciudadanos chinos<\/strong>, a ra\u00edz de informaci\u00f3n proporcionada por la\u00a0<strong>FBI<\/strong>\u00a0a la\u00a0<strong>PDI<\/strong>.\u00a0<span class=\"destacador destacado\">El monto defraudado asciende a cerca de $188 mil millones.<\/span><\/p>\n<blockquote><p><em><strong>De manera preliminar, se estima que existen cerca de 400 v\u00edctimas, se han despachado 53 \u00f3rdenes de detenci\u00f3n y est\u00e1n involucradas 112 sociedades comerciales en esta etapa.<\/strong><\/em><\/p><\/blockquote>\n<p>Seg\u00fan lo conocido hasta ahora por\u00a0<strong>Radio B\u00edo B\u00edo<\/strong>, se est\u00e1n llevando a cabo distintos operativos en cinco regiones del pa\u00eds. Esta investigaci\u00f3n se origin\u00f3 a partir de informaci\u00f3n entregada por el\u00a0<strong>FBI<\/strong>\u00a0a la PDI sobre estafas a ciudadanos norteamericanos.<\/p>\n<p>Los delitos ligados a la banda, liderada por cuatro ciudadanos chinos, corresponden a\u00a0<strong>estafa<\/strong>\u00a0y\u00a0<strong>lavado de activos<\/strong>\u00a0bajo la modalidad de criptomonedas.<\/p>\n<p>Hasta ahora, no se sabe si alguno de estos cuatro sospechosos ha sido capturado.<\/p>\n<p>Estos ingresaban dinero a empresas ficticias, que posteriormente generaban movimientos bancarios y compras de productos para ser comercializados en la Zona Franca.<\/p>\n<p>La indagatoria, radicada en\u00a0<strong>Iquique<\/strong>, es liderada por la\u00a0<strong>Fiscal\u00eda Regional de Tarapac\u00e1<\/strong>\u00a0junto a la Brigada Antinarc\u00f3ticos y contra el Crimen Organizado (<strong>Brianco<\/strong>) y la Brigada Investigadora de Lavado de Activos (Brilac) de la\u00a0<a href=\"https:\/\/x.com\/PDI_CHILE\" target=\"_blank\" rel=\"noopener\">PDI<\/a>.<\/p>\n<p><span class=\"destacador destacado\">La defraudaci\u00f3n habr\u00eda alcanzado m\u00e1s de 210 millones de d\u00f3lares (alrededor de $188 mil millones).<\/span><\/p>\n<h2>Presunto sospechoso se lanza desde tercer piso de edificio durante megaoperativo contra banda china<\/h2>\n<p>En el marco de un operativo de la\u00a0<strong>PDI<\/strong>\u00a0en el sector del\u00a0<strong>barrio Meiggs<\/strong>\u00a0contra una\u00a0<strong>organizaci\u00f3n criminal china<\/strong>,\u00a0<span class=\"destacador destacado\">un presunto sospechoso habr\u00eda intentado huir lanz\u00e1ndose desde el tercer piso de un edificio, lo que le provoc\u00f3 lesiones de gravedad.<\/span><\/p>\n<p>El hecho ocurri\u00f3 en la comuna de\u00a0<strong>Santiago<\/strong>, en el sector de Meiggs, espec\u00edficamente en calle\u00a0<strong>Sazi\u00e9<\/strong>.<\/p>\n<p>En ese contexto, un sospechoso de nacionalidad china habr\u00eda intentado escapar de la polic\u00eda y\u00a0<span class=\"destacador destacado\">cay\u00f3 hasta el nivel -1<\/span>, resultando gravemente herido.<\/p>\n<p>La persona fue asistida inicialmente por funcionarios policiales y, posteriormente, por personal de una ambulancia, que lo traslad\u00f3 a un centro asistencial, donde permanece con diagn\u00f3stico de gravedad.<\/p>\n<p>Hay diligencias en curso en el marco del ingreso a dos departamentos.<\/p>\n<p>La PDI entregar\u00e1 durante la ma\u00f1ana informaci\u00f3n sobre las personas detenidas, incluido el individuo que result\u00f3 gravemente herido y otra persona que fue aprehendida por la polic\u00eda civil.<\/p>\n<p>Adem\u00e1s, confirmar\u00e1 o descartar\u00e1 fehacientemente si existe alg\u00fan tipo de v\u00ednculo con el operativo por la \u201cmafia china\u201d, realizado a inicios de diciembre pasado.<\/p>\n<p>Cabe recordar que lo anterior se dio a conocer en la operaci\u00f3n llamada \u201c<strong>Muralla Oriental<\/strong>\u201c. En ese contexto, fueron detenidas 30 personas tras allanamientos en 63 propiedades de Santiago, Estaci\u00f3n Central, Quinta Normal y Providencia. De ellas, 18, incluido un\u00a0<strong>carabinero<\/strong>, fueron formalizadas,\u00a0<span class=\"destacador destacado\">quedando 17 en prisi\u00f3n preventiva<\/span>\u00a0y el restante con firma cada 15 d\u00edas y arraigo nacional.<\/p>\n","protected":false},"excerpt":{"rendered":"<p>Esta ma\u00f1ana se dio inicio a un megaoperativo en cinco regiones del pa\u00eds, incluida la\u00a0regi\u00f3n Metropolitana, contra una\u00a0banda\u00a0encabezada por\u00a0cuatro ciudadanos chinos, a ra\u00edz de informaci\u00f3n&hellip; <\/p>\n","protected":false},"author":7,"featured_media":97391,"comment_status":"closed","ping_status":"closed","sticky":false,"template":"","format":"standard","meta":{"footnotes":""},"categories":[37],"tags":[],"class_list":["post-97390","post","type-post","status-publish","format-standard","has-post-thumbnail","hentry","category-nacional"],"_links":{"self":[{"href":"https:\/\/www.radioamigavallenar.cl\/index.php?rest_route=\/wp\/v2\/posts\/97390","targetHints":{"allow":["GET"]}}],"collection":[{"href":"https:\/\/www.radioamigavallenar.cl\/index.php?rest_route=\/wp\/v2\/posts"}],"about":[{"href":"https:\/\/www.radioamigavallenar.cl\/index.php?rest_route=\/wp\/v2\/types\/post"}],"author":[{"embeddable":true,"href":"https:\/\/www.radioamigavallenar.cl\/index.php?rest_route=\/wp\/v2\/users\/7"}],"replies":[{"embeddable":true,"href":"https:\/\/www.radioamigavallenar.cl\/index.php?rest_route=%2Fwp%2Fv2%2Fcomments&post=97390"}],"version-history":[{"count":1,"href":"https:\/\/www.radioamigavallenar.cl\/index.php?rest_route=\/wp\/v2\/posts\/97390\/revisions"}],"predecessor-version":[{"id":97392,"href":"https:\/\/www.radioamigavallenar.cl\/index.php?rest_route=\/wp\/v2\/posts\/97390\/revisions\/97392"}],"wp:featuredmedia":[{"embeddable":true,"href":"https:\/\/www.radioamigavallenar.cl\/index.php?rest_route=\/wp\/v2\/media\/97391"}],"wp:attachment":[{"href":"https:\/\/www.radioamigavallenar.cl\/index.php?rest_route=%2Fwp%2Fv2%2Fmedia&parent=97390"}],"wp:term":[{"taxonomy":"category","embeddable":true,"href":"https:\/\/www.radioamigavallenar.cl\/index.php?rest_route=%2Fwp%2Fv2%2Fcategories&post=97390"},{"taxonomy":"post_tag","embeddable":true,"href":"https:\/\/www.radioamigavallenar.cl\/index.php?rest_route=%2Fwp%2Fv2%2Ftags&post=97390"}],"curies":[{"name":"wp","href":"https:\/\/api.w.org\/{rel}","templated":true}]}}