{"id":97387,"date":"2026-01-09T10:53:58","date_gmt":"2026-01-09T13:53:58","guid":{"rendered":"https:\/\/www.radioamigavallenar.cl\/?p=97387"},"modified":"2026-01-09T10:53:58","modified_gmt":"2026-01-09T13:53:58","slug":"pdi-detiene-en-vallenar-a-representante-legal-de-radioemisora-que-operaba-de-manera-irregular-en-esa-comuna","status":"publish","type":"post","link":"https:\/\/www.radioamigavallenar.cl\/?p=97387","title":{"rendered":"PDI detiene en Vallenar a representante legal de radioemisora que operaba de manera irregular en esa comuna"},"content":{"rendered":"<p>Detectives de la Brigada Investigadora de Delitos Econ\u00f3micos (Bridec) de la PDI Copiap\u00f3, en coordinaci\u00f3n con la Fiscal\u00eda Local de Vallenar, realizaron diligencias que permitieron el cese de las transmisiones de una radioemisora que operaba de manera irregular en esa comuna, procedimiento que concluy\u00f3 con la detenci\u00f3n del representante legal del medio por infracci\u00f3n a la Ley General de Telecomunicaciones.<\/p>\n<p>Seg\u00fan se inform\u00f3, oficiales de la Bridec concurrieron hasta la comuna de Vallenar luego de establecer, en coordinaci\u00f3n con el Ministerio P\u00fablico y la Subsecretar\u00eda de Telecomunicaciones, que la radioemisora funcionaba sin las autorizaciones legales correspondientes. En el lugar se desarroll\u00f3 un procedimiento en flagrancia, que permiti\u00f3 la detenci\u00f3n del responsable y la incautaci\u00f3n de diversas especies, logrando el cierre de las transmisiones.<\/p>\n<p>El comisario de la Bridec Copiap\u00f3, Miguel Huerta Gonz\u00e1lez, indic\u00f3 que el procedimiento se enmarca en un delito tipificado en la Ley General de Telecomunicaciones, el cual sanciona la operaci\u00f3n de servicios de radiodifusi\u00f3n sin autorizaci\u00f3n.<\/p>\n<div class=\"code-block code-block-5\">\n<div id=\"sas_99435\"><\/div>\n<\/div>\n<p>El imputado corresponde a un hombre chileno, mayor de edad. En tanto, la principal especie incautada fue un transmisor de radio, avaluado en tres millones de pesos.<\/p>\n<p>Desde la Fiscal\u00eda Local de Vallenar, el fiscal adjunto Nicol\u00e1s Mel\u00e9ndez Chac\u00f3n se\u00f1al\u00f3 que la investigaci\u00f3n se origin\u00f3 a partir de una denuncia recibida por la Subsecretar\u00eda de Telecomunicaciones, lo que deriv\u00f3 en la apertura de una causa criminal por la operaci\u00f3n clandestina e ilegal de la radioemisora en la comuna. En ese contexto, se dispuso la orden de investigar a la Bridec Copiap\u00f3, la que permiti\u00f3 constatar en flagrancia el funcionamiento irregular del medio.<\/p>\n<p>El fiscal agreg\u00f3 que el rol de los medios de comunicaci\u00f3n es relevante por el aporte que realizan a la comunidad, destacando la importancia de que esta labor se desarrolle conforme a la legislaci\u00f3n vigente, tal como ocurre con otras emisoras que operan de manera regular en la regi\u00f3n.<\/p>\n","protected":false},"excerpt":{"rendered":"<p>Detectives de la Brigada Investigadora de Delitos Econ\u00f3micos (Bridec) de la PDI Copiap\u00f3, en coordinaci\u00f3n con la Fiscal\u00eda Local de Vallenar, realizaron diligencias que permitieron&hellip; <\/p>\n","protected":false},"author":7,"featured_media":97388,"comment_status":"closed","ping_status":"closed","sticky":false,"template":"","format":"standard","meta":{"footnotes":""},"categories":[7],"tags":[],"class_list":["post-97387","post","type-post","status-publish","format-standard","has-post-thumbnail","hentry","category-atacama"],"_links":{"self":[{"href":"https:\/\/www.radioamigavallenar.cl\/index.php?rest_route=\/wp\/v2\/posts\/97387","targetHints":{"allow":["GET"]}}],"collection":[{"href":"https:\/\/www.radioamigavallenar.cl\/index.php?rest_route=\/wp\/v2\/posts"}],"about":[{"href":"https:\/\/www.radioamigavallenar.cl\/index.php?rest_route=\/wp\/v2\/types\/post"}],"author":[{"embeddable":true,"href":"https:\/\/www.radioamigavallenar.cl\/index.php?rest_route=\/wp\/v2\/users\/7"}],"replies":[{"embeddable":true,"href":"https:\/\/www.radioamigavallenar.cl\/index.php?rest_route=%2Fwp%2Fv2%2Fcomments&post=97387"}],"version-history":[{"count":1,"href":"https:\/\/www.radioamigavallenar.cl\/index.php?rest_route=\/wp\/v2\/posts\/97387\/revisions"}],"predecessor-version":[{"id":97389,"href":"https:\/\/www.radioamigavallenar.cl\/index.php?rest_route=\/wp\/v2\/posts\/97387\/revisions\/97389"}],"wp:featuredmedia":[{"embeddable":true,"href":"https:\/\/www.radioamigavallenar.cl\/index.php?rest_route=\/wp\/v2\/media\/97388"}],"wp:attachment":[{"href":"https:\/\/www.radioamigavallenar.cl\/index.php?rest_route=%2Fwp%2Fv2%2Fmedia&parent=97387"}],"wp:term":[{"taxonomy":"category","embeddable":true,"href":"https:\/\/www.radioamigavallenar.cl\/index.php?rest_route=%2Fwp%2Fv2%2Fcategories&post=97387"},{"taxonomy":"post_tag","embeddable":true,"href":"https:\/\/www.radioamigavallenar.cl\/index.php?rest_route=%2Fwp%2Fv2%2Ftags&post=97387"}],"curies":[{"name":"wp","href":"https:\/\/api.w.org\/{rel}","templated":true}]}}