{"id":97379,"date":"2026-01-09T10:38:24","date_gmt":"2026-01-09T13:38:24","guid":{"rendered":"https:\/\/www.radioamigavallenar.cl\/?p=97379"},"modified":"2026-01-09T10:38:24","modified_gmt":"2026-01-09T13:38:24","slug":"diputada-sofia-cid-en-icare-el-presidente-electo-jose-antonio-kast-marco-el-rumbo-enfrentar-la-crisis-y-las-urgencias","status":"publish","type":"post","link":"https:\/\/www.radioamigavallenar.cl\/?p=97379","title":{"rendered":"Diputada Sof\u00eda Cid: \u201cEn ICARE, el Presidente electo Jos\u00e9 Antonio Kast marc\u00f3 el rumbo: enfrentar la crisis y las urgencias\u201d"},"content":{"rendered":"<p dir=\"ltr\"><span data-olk-copy-source=\"MessageBody\">La diputada por la Regi\u00f3n de Atacama, <\/span>Sof\u00eda Cid Versalovic, valor\u00f3 la exposici\u00f3n del Presidente electo Jos\u00e9 Antonio Kast en el encuentro empresarial de ICARE, \u201cPrioridades para Chile en la voz del Presidente electo\u201d, realizado el jueves 8 de enero en Santiago, instancia donde se abordaron desaf\u00edos clave para el pr\u00f3ximo ciclo pol\u00edtico y econ\u00f3mico del pa\u00eds.<\/p>\n<p dir=\"ltr\">\u201cEn ICARE, el Presidente electo Jos\u00e9 Antonio Kast fue claro en algo que en Atacama sentimos todos los d\u00edas: hay urgencias que no pueden seguir esperando. Seguridad, empleo y un Estado que funcione para las personas, no para la pol\u00edtica\u201d, se\u00f1al\u00f3 la parlamentaria.<\/p>\n<p dir=\"ltr\">Durante su intervenci\u00f3n, el Presidente electo agradeci\u00f3 los gestos del ex Presidente Eduardo Frei y plante\u00f3 la necesidad de integrar a distintas corrientes pol\u00edticas dispuestas a \u201cponer a Chile por delante\u201d. Frente a ello, Sof\u00eda Cid afirm\u00f3: \u201cComparto plenamente el llamado del Presidente electo Jos\u00e9 Antonio Kast: Chile necesita unidad para resolver lo urgente, y en regiones como Atacama eso significa seguridad, empleo y un Estado que llegue con soluciones reales\u201d.<\/p>\n<p dir=\"ltr\">En la misma actividad, el Presidente electo cuestion\u00f3 la denominada ley de \u201camarres\u201d vinculada a funcionarios p\u00fablicos, se\u00f1alando que va \u201cen contra de la voluntad de la ciudadan\u00eda\u201d y esperando que el Congreso la rechace. Al respecto, la diputada sostuvo: \u201cTal como ha sostenido el Presidente electo Jos\u00e9 Antonio Kast, los Republicanos rechazamos abiertamente este intento de \u2018ley de amarre\u2019 para apernar funcionarios en el aparato estatal. Creemos que el proyecto de reajuste presentado por el Gobierno del presidente Boric es inaceptable\u201d.<\/p>\n<p dir=\"ltr\">Cid agreg\u00f3: \u201cEn regiones como Atacama, donde faltan especialistas en salud, donde la seguridad est\u00e1 tensionada y donde el empleo necesita impulso, el Estado debe ser eficiente y estar al servicio de la gente. No podemos aceptar amarras de \u00faltima hora que solo aumentan la desconfianza\u201d.<\/p>\n<p>Finalmente, el Presidente electo Jos\u00e9 Antonio Kast confirm\u00f3 que presentar\u00e1 su gabinete el martes 20 de enero, hito central en su transici\u00f3n. La diputada cerr\u00f3 se\u00f1alando: \u201cEl Presidente electo Jos\u00e9 Antonio Kast tiene la facultad de elegir a quienes formar\u00e1n parte de su gabinete, y estoy segura de que definir\u00e1 un equipo con foco real en seguridad, reactivaci\u00f3n y descentralizaci\u00f3n efectiva. Atacama aporta, produce y empuja a Chile: ahora necesitamos que Chile tambi\u00e9n responda con m\u00e1s presencia del Estado donde corresponde y m\u00e1s oportunidades para nuestras familias\u201d.<\/p>\n","protected":false},"excerpt":{"rendered":"<p>La diputada por la Regi\u00f3n de Atacama, Sof\u00eda Cid Versalovic, valor\u00f3 la exposici\u00f3n del Presidente electo Jos\u00e9 Antonio Kast en el encuentro empresarial de ICARE,&hellip; <\/p>\n","protected":false},"author":7,"featured_media":97381,"comment_status":"closed","ping_status":"closed","sticky":false,"template":"","format":"standard","meta":{"footnotes":""},"categories":[38],"tags":[],"class_list":["post-97379","post","type-post","status-publish","format-standard","has-post-thumbnail","hentry","category-portada-regional"],"_links":{"self":[{"href":"https:\/\/www.radioamigavallenar.cl\/index.php?rest_route=\/wp\/v2\/posts\/97379","targetHints":{"allow":["GET"]}}],"collection":[{"href":"https:\/\/www.radioamigavallenar.cl\/index.php?rest_route=\/wp\/v2\/posts"}],"about":[{"href":"https:\/\/www.radioamigavallenar.cl\/index.php?rest_route=\/wp\/v2\/types\/post"}],"author":[{"embeddable":true,"href":"https:\/\/www.radioamigavallenar.cl\/index.php?rest_route=\/wp\/v2\/users\/7"}],"replies":[{"embeddable":true,"href":"https:\/\/www.radioamigavallenar.cl\/index.php?rest_route=%2Fwp%2Fv2%2Fcomments&post=97379"}],"version-history":[{"count":1,"href":"https:\/\/www.radioamigavallenar.cl\/index.php?rest_route=\/wp\/v2\/posts\/97379\/revisions"}],"predecessor-version":[{"id":97382,"href":"https:\/\/www.radioamigavallenar.cl\/index.php?rest_route=\/wp\/v2\/posts\/97379\/revisions\/97382"}],"wp:featuredmedia":[{"embeddable":true,"href":"https:\/\/www.radioamigavallenar.cl\/index.php?rest_route=\/wp\/v2\/media\/97381"}],"wp:attachment":[{"href":"https:\/\/www.radioamigavallenar.cl\/index.php?rest_route=%2Fwp%2Fv2%2Fmedia&parent=97379"}],"wp:term":[{"taxonomy":"category","embeddable":true,"href":"https:\/\/www.radioamigavallenar.cl\/index.php?rest_route=%2Fwp%2Fv2%2Fcategories&post=97379"},{"taxonomy":"post_tag","embeddable":true,"href":"https:\/\/www.radioamigavallenar.cl\/index.php?rest_route=%2Fwp%2Fv2%2Ftags&post=97379"}],"curies":[{"name":"wp","href":"https:\/\/api.w.org\/{rel}","templated":true}]}}