{"id":97376,"date":"2026-01-09T10:20:12","date_gmt":"2026-01-09T13:20:12","guid":{"rendered":"https:\/\/www.radioamigavallenar.cl\/?p=97376"},"modified":"2026-01-09T10:20:12","modified_gmt":"2026-01-09T13:20:12","slug":"concejala-de-la-comuna-de-alto-del-carmen-en-alerta-por-grieta-en-sector-del-embalse","status":"publish","type":"post","link":"https:\/\/www.radioamigavallenar.cl\/?p=97376","title":{"rendered":"Concejala de la comuna de Alto del Carmen en alerta por grieta en sector del embalse"},"content":{"rendered":"<p data-pm-slice=\"1 1 []\">Preocupaci\u00f3n y malestar existe en la comuna de Alto del Carmen debido a diversas problem\u00e1ticas que afectan la seguridad vial y el desplazamiento de peatones, seg\u00fan lo manifest\u00f3 la concejala Patricia \u00c1lvarez, quien dio a conocer la inquietud permanente de la comunidad frente a la falta de soluciones concretas por parte de los organismos competentes.<\/p>\n<p>Uno de los principales temas se\u00f1alados por la autoridad comunal es la presencia de una grieta en el sector del embalse Santa Juana, situaci\u00f3n que, seg\u00fan indic\u00f3, representa un riesgo constante para veh\u00edculos y personas que transitan por el lugar. De acuerdo a lo expuesto, la grieta ha ido aumentando con el paso del tiempo y, pese a que se han realizado reparaciones provisorias y se anunci\u00f3 la realizaci\u00f3n de estudios t\u00e9cnicos, hasta ahora no existir\u00edan respuestas claras ni informaci\u00f3n oficial respecto a los resultados o eventuales soluciones definitivas.<\/p>\n<p>\u201cEs un peligro real. Yo utilizo locomoci\u00f3n colectiva y la verdad es que el lugar es bastante riesgoso. Cada vez las grietas est\u00e1n m\u00e1s profundas y solo se est\u00e1n colocando parches\u201d, se\u00f1al\u00f3 la concejala, agregando que la comunidad desconoce el estado de los estudios comprometidos para abordar esta problem\u00e1tica.<\/p>\n<p>A ello se suma la falta de mantenci\u00f3n en las rutas y veredas, especialmente en sectores donde \u00e1rboles y ramas invaden los espacios peatonales, dificultando el tr\u00e1nsito seguro de las personas y afectando la visibilidad de los conductores. La concejala \u00c1lvarez apunt\u00f3 directamente a la falta de intervenci\u00f3n de Vialidad, indicando que, pese a reuniones sostenidas y oficios enviados desde el municipio, no se han recibido respuestas oportunas ni soluciones concretas.<\/p>\n<p>\u201cSentimos que la comuna est\u00e1 abandonada. No hay mantenci\u00f3n de las obras viales y la situaci\u00f3n sigue igual. Somos los concejales quienes recibimos constantemente los reclamos de la gente\u201d, sostuvo, agregando que el flujo vehicular se ha intensificado, especialmente durante el verano, debido al tr\u00e1nsito permanente de camiones de alto tonelaje que transportan productos hacia el puerto.<\/p>\n<p>Finalmente, la concejala hizo un llamado a las autoridades regionales y nacionales a tomar medidas preventivas antes de que ocurra un accidente grave. \u201cLas acciones deben tomarse antes de las desgracias y no despu\u00e9s. Hoy la comunidad est\u00e1 molesta y preocupada, porque no hay respuestas ni soluciones, y somos los vecinos quienes seguimos expuestos a estos riesgos\u201d, concluy\u00f3.<\/p>\n","protected":false},"excerpt":{"rendered":"<p>Preocupaci\u00f3n y malestar existe en la comuna de Alto del Carmen debido a diversas problem\u00e1ticas que afectan la seguridad vial y el desplazamiento de peatones,&hellip; <\/p>\n","protected":false},"author":7,"featured_media":97377,"comment_status":"closed","ping_status":"closed","sticky":false,"template":"","format":"standard","meta":{"footnotes":""},"categories":[7],"tags":[],"class_list":["post-97376","post","type-post","status-publish","format-standard","has-post-thumbnail","hentry","category-atacama"],"_links":{"self":[{"href":"https:\/\/www.radioamigavallenar.cl\/index.php?rest_route=\/wp\/v2\/posts\/97376","targetHints":{"allow":["GET"]}}],"collection":[{"href":"https:\/\/www.radioamigavallenar.cl\/index.php?rest_route=\/wp\/v2\/posts"}],"about":[{"href":"https:\/\/www.radioamigavallenar.cl\/index.php?rest_route=\/wp\/v2\/types\/post"}],"author":[{"embeddable":true,"href":"https:\/\/www.radioamigavallenar.cl\/index.php?rest_route=\/wp\/v2\/users\/7"}],"replies":[{"embeddable":true,"href":"https:\/\/www.radioamigavallenar.cl\/index.php?rest_route=%2Fwp%2Fv2%2Fcomments&post=97376"}],"version-history":[{"count":1,"href":"https:\/\/www.radioamigavallenar.cl\/index.php?rest_route=\/wp\/v2\/posts\/97376\/revisions"}],"predecessor-version":[{"id":97378,"href":"https:\/\/www.radioamigavallenar.cl\/index.php?rest_route=\/wp\/v2\/posts\/97376\/revisions\/97378"}],"wp:featuredmedia":[{"embeddable":true,"href":"https:\/\/www.radioamigavallenar.cl\/index.php?rest_route=\/wp\/v2\/media\/97377"}],"wp:attachment":[{"href":"https:\/\/www.radioamigavallenar.cl\/index.php?rest_route=%2Fwp%2Fv2%2Fmedia&parent=97376"}],"wp:term":[{"taxonomy":"category","embeddable":true,"href":"https:\/\/www.radioamigavallenar.cl\/index.php?rest_route=%2Fwp%2Fv2%2Fcategories&post=97376"},{"taxonomy":"post_tag","embeddable":true,"href":"https:\/\/www.radioamigavallenar.cl\/index.php?rest_route=%2Fwp%2Fv2%2Ftags&post=97376"}],"curies":[{"name":"wp","href":"https:\/\/api.w.org\/{rel}","templated":true}]}}