{"id":97373,"date":"2026-01-09T10:17:27","date_gmt":"2026-01-09T13:17:27","guid":{"rendered":"https:\/\/www.radioamigavallenar.cl\/?p=97373"},"modified":"2026-01-09T10:17:27","modified_gmt":"2026-01-09T13:17:27","slug":"diputado-cristian-tapia-respalda-huelga-de-trabajadores-de-minera-mantoverde-y-llama-a-empresa-a-llegar-a-un-acuerdo-justo","status":"publish","type":"post","link":"https:\/\/www.radioamigavallenar.cl\/?p=97373","title":{"rendered":"Diputado Cristian Tapia respalda huelga de trabajadores de Minera Mantoverde y llama a empresa a llegar a un acuerdo justo"},"content":{"rendered":"<p>Hasta el campamento levantado por las y los trabajadores del\u00a0<strong>Sindicato N\u00b02 de Minera Mantoverde<\/strong>, perteneciente a la compa\u00f1\u00eda\u00a0<strong>Capstone Copper<\/strong>, lleg\u00f3 este jueves el diputado por la Regi\u00f3n de Atacama,\u00a0<strong>Cristian Tapia Ramos<\/strong>, para entregar su respaldo a la\u00a0<strong>huelga legal que ya cumple siete d\u00edas<\/strong>. El conflicto involucra a m\u00e1s de\u00a0<strong>640 trabajadores y trabajadoras<\/strong>\u00a0de una de las principales faenas de\u00a0<strong>extracci\u00f3n de cobre\u00a0<\/strong>del pa\u00eds, ubicada en la\u00a0<strong>provincia de Cha\u00f1aral<\/strong>.<\/p>\n<p>En el lugar, el parlamentario \u2014integrante de la Comisi\u00f3n de Miner\u00eda y Energ\u00eda de la C\u00e1mara de Diputadas y Diputados y exdirigente sindical de la miner\u00eda\u2014 valor\u00f3 la organizaci\u00f3n de los trabajadores y calific\u00f3 sus demandas como\u00a0<strong>justas y postergadas por a\u00f1os<\/strong>, destacando que la negociaci\u00f3n colectiva se ha desarrollado dentro del marco legal y utilizando herramientas leg\u00edtimas como la huelga.<\/p>\n<p>\u201cEstamos frente a una negociaci\u00f3n que debe resolverse pronto y de buena forma. Hoy el precio del cobre bordea los<strong>\u00a06 d\u00f3lares la libra<\/strong>, lo que demuestra que existe un escenario favorable para que la empresa se siente a conversar y entregue mejoras reales a quienes generan la riqueza\u201d, se\u00f1al\u00f3 Tapia durante la asamblea realizada en el campamento.<\/p>\n<p>El diputado subray\u00f3 que la miner\u00eda es un negocio rentable, pero que\u00a0<strong>no puede sostenerse sin la participaci\u00f3n activa y justa de sus trabajadores<\/strong>. \u201cEllos producen para que la empresa sea viable, tenga utilidades y cumpla con sus accionistas. Por eso, el negocio debe ser con los trabajadores adentro y no a costa de ellos\u201d, afirm\u00f3.<\/p>\n<p>Asimismo, Tapia expres\u00f3 su confianza en que el conflicto pueda resolverse en las pr\u00f3ximas horas o d\u00edas, considerando el impacto que una paralizaci\u00f3n prolongada tiene en las familias de los trabajadores. \u201cAqu\u00ed hay m\u00e1s de 600 hogares que necesitan estabilidad. Fortalecer a la clase trabajadora es fortalecer tambi\u00e9n la sostenibilidad de la industria minera\u201d, agreg\u00f3.<\/p>\n<p>Desde el sindicato, el trabajador\u00a0<strong>Luis Araya Marambio<\/strong>, programador de mantenimiento de equipos mina y con ocho a\u00f1os de trayectoria en la empresa, agradeci\u00f3 la presencia del parlamentario. \u201cSu visita nos fortalece mucho en un momento complejo. Nadie quiere llegar a una huelga, pero lo hacemos por nuestras familias, por mejoras salariales y beneficios sociales que reconocen nuestro trabajo\u201d, sostuvo.<\/p>\n<p>Finalmente, el diputado Tapia valor\u00f3 la madurez sindical demostrada durante la movilizaci\u00f3n y reafirm\u00f3 su compromiso con el sector: \u201cSeguir escuchando, acompa\u00f1ando y empujando soluciones justas es parte de nuestro deber. La dignidad laboral en la miner\u00eda no se negocia a la baja\u201d.<\/p>\n","protected":false},"excerpt":{"rendered":"<p>Hasta el campamento levantado por las y los trabajadores del\u00a0Sindicato N\u00b02 de Minera Mantoverde, perteneciente a la compa\u00f1\u00eda\u00a0Capstone Copper, lleg\u00f3 este jueves el diputado por&hellip; <\/p>\n","protected":false},"author":7,"featured_media":97374,"comment_status":"closed","ping_status":"closed","sticky":false,"template":"","format":"standard","meta":{"footnotes":""},"categories":[7],"tags":[],"class_list":["post-97373","post","type-post","status-publish","format-standard","has-post-thumbnail","hentry","category-atacama"],"_links":{"self":[{"href":"https:\/\/www.radioamigavallenar.cl\/index.php?rest_route=\/wp\/v2\/posts\/97373","targetHints":{"allow":["GET"]}}],"collection":[{"href":"https:\/\/www.radioamigavallenar.cl\/index.php?rest_route=\/wp\/v2\/posts"}],"about":[{"href":"https:\/\/www.radioamigavallenar.cl\/index.php?rest_route=\/wp\/v2\/types\/post"}],"author":[{"embeddable":true,"href":"https:\/\/www.radioamigavallenar.cl\/index.php?rest_route=\/wp\/v2\/users\/7"}],"replies":[{"embeddable":true,"href":"https:\/\/www.radioamigavallenar.cl\/index.php?rest_route=%2Fwp%2Fv2%2Fcomments&post=97373"}],"version-history":[{"count":1,"href":"https:\/\/www.radioamigavallenar.cl\/index.php?rest_route=\/wp\/v2\/posts\/97373\/revisions"}],"predecessor-version":[{"id":97375,"href":"https:\/\/www.radioamigavallenar.cl\/index.php?rest_route=\/wp\/v2\/posts\/97373\/revisions\/97375"}],"wp:featuredmedia":[{"embeddable":true,"href":"https:\/\/www.radioamigavallenar.cl\/index.php?rest_route=\/wp\/v2\/media\/97374"}],"wp:attachment":[{"href":"https:\/\/www.radioamigavallenar.cl\/index.php?rest_route=%2Fwp%2Fv2%2Fmedia&parent=97373"}],"wp:term":[{"taxonomy":"category","embeddable":true,"href":"https:\/\/www.radioamigavallenar.cl\/index.php?rest_route=%2Fwp%2Fv2%2Fcategories&post=97373"},{"taxonomy":"post_tag","embeddable":true,"href":"https:\/\/www.radioamigavallenar.cl\/index.php?rest_route=%2Fwp%2Fv2%2Ftags&post=97373"}],"curies":[{"name":"wp","href":"https:\/\/api.w.org\/{rel}","templated":true}]}}