{"id":97370,"date":"2026-01-09T10:14:00","date_gmt":"2026-01-09T13:14:00","guid":{"rendered":"https:\/\/www.radioamigavallenar.cl\/?p=97370"},"modified":"2026-01-09T10:14:00","modified_gmt":"2026-01-09T13:14:00","slug":"realizan-sobrevuelo-por-servicio-preventivos-de-carabineros-durante-temporada-estival","status":"publish","type":"post","link":"https:\/\/www.radioamigavallenar.cl\/?p=97370","title":{"rendered":"Realizan sobrevuelo por servicio preventivos de Carabineros durante temporada estival"},"content":{"rendered":"<p>El reforzamiento de los servicios preventivos dispuestos por Carabineros para esta temporada estival en la regi\u00f3n de Atacama, nos permite brindar una mayor seguridad y tranquilidad a la ciudadan\u00eda.<\/p>\n<p>En este contexto y para fiscalizar el funcionamiento de los servicios dispuestos en los balnearios, el Jefe de Zona de Carabineros Atacama, General Julio Marabol\u00ed Fuenzalida, sobrevol\u00f3 el borde costero.<\/p>\n<p>Durante este recorrido visit\u00f3 los cinco Retenes Temporales dispuestos en las caletas de Cha\u00f1aral de Aceituno, Carrizal Bajo, Barranquilla, Puerto Viejo y Flamenco, conversando con el personal y reiterando los lineamientos entregados por el Sr. General Director de Carabineros de Chile.<\/p>\n<p>Es importante mencionar que durante todo el per\u00edodo estival los servicios estar\u00e1n reforzados con personal proveniente de los planteles educacionales de Carabineros, lo cual permitir\u00e1 prevenir accidentes de tr\u00e1nsito los cuales durante los meses de enero y febrero se incrementan, principalmente por el exceso de velocidad y conducci\u00f3n bajo la influencia del alcohol, entre otros factores.<\/p>\n<p>Asimismo, a\u00f1adi\u00f3 el General Marabol\u00ed, \u201ccon estos servicios integrales buscamos prevenir hechos delictivos y al mismo tiempo fortalecer e incentivar el autocuidado\u201d.<\/p>\n<p>\u201cA trav\u00e9s de completos operativos en terreno, pretendemos preservar la seguridad y protecci\u00f3n de los turistas y residentes por medio de capital humano y log\u00edstico reforzado, adem\u00e1s de realizar diversas actividades para prevenir y controlar el uso de drogas y alcohol en las playas\u201d.<\/p>\n<p>No obstante ello, es importante se\u00f1alar que estos servicios preventivos integrales, no tendr\u00e1n efectos positivos si la ciudadan\u00eda no asume su rol preventivo y de autocuidado. \u201cTodos somos responsables de mantener medidas de resguardo y seguridad que nos permitan disfrutar de nuestras vacaciones en completa normalidad, sin contratiempos y sin hechos que lamentar\u201d, se\u00f1al\u00f3 el General Marabol\u00ed.<\/p>\n<p>&nbsp;<\/p>\n<p>Tenga presente adem\u00e1s que la confianza e integraci\u00f3n son clave para la seguridad, una simple comunicaci\u00f3n como avisar al vecino de su ausencia, buena comunicaci\u00f3n es un gran aliado para prevenir hechos delictuales.<\/p>\n","protected":false},"excerpt":{"rendered":"<p>El reforzamiento de los servicios preventivos dispuestos por Carabineros para esta temporada estival en la regi\u00f3n de Atacama, nos permite brindar una mayor seguridad y&hellip; <\/p>\n","protected":false},"author":7,"featured_media":97371,"comment_status":"closed","ping_status":"closed","sticky":false,"template":"","format":"standard","meta":{"footnotes":""},"categories":[7],"tags":[],"class_list":["post-97370","post","type-post","status-publish","format-standard","has-post-thumbnail","hentry","category-atacama"],"_links":{"self":[{"href":"https:\/\/www.radioamigavallenar.cl\/index.php?rest_route=\/wp\/v2\/posts\/97370","targetHints":{"allow":["GET"]}}],"collection":[{"href":"https:\/\/www.radioamigavallenar.cl\/index.php?rest_route=\/wp\/v2\/posts"}],"about":[{"href":"https:\/\/www.radioamigavallenar.cl\/index.php?rest_route=\/wp\/v2\/types\/post"}],"author":[{"embeddable":true,"href":"https:\/\/www.radioamigavallenar.cl\/index.php?rest_route=\/wp\/v2\/users\/7"}],"replies":[{"embeddable":true,"href":"https:\/\/www.radioamigavallenar.cl\/index.php?rest_route=%2Fwp%2Fv2%2Fcomments&post=97370"}],"version-history":[{"count":1,"href":"https:\/\/www.radioamigavallenar.cl\/index.php?rest_route=\/wp\/v2\/posts\/97370\/revisions"}],"predecessor-version":[{"id":97372,"href":"https:\/\/www.radioamigavallenar.cl\/index.php?rest_route=\/wp\/v2\/posts\/97370\/revisions\/97372"}],"wp:featuredmedia":[{"embeddable":true,"href":"https:\/\/www.radioamigavallenar.cl\/index.php?rest_route=\/wp\/v2\/media\/97371"}],"wp:attachment":[{"href":"https:\/\/www.radioamigavallenar.cl\/index.php?rest_route=%2Fwp%2Fv2%2Fmedia&parent=97370"}],"wp:term":[{"taxonomy":"category","embeddable":true,"href":"https:\/\/www.radioamigavallenar.cl\/index.php?rest_route=%2Fwp%2Fv2%2Fcategories&post=97370"},{"taxonomy":"post_tag","embeddable":true,"href":"https:\/\/www.radioamigavallenar.cl\/index.php?rest_route=%2Fwp%2Fv2%2Ftags&post=97370"}],"curies":[{"name":"wp","href":"https:\/\/api.w.org\/{rel}","templated":true}]}}