{"id":97367,"date":"2026-01-09T09:27:01","date_gmt":"2026-01-09T12:27:01","guid":{"rendered":"https:\/\/www.radioamigavallenar.cl\/?p=97367"},"modified":"2026-01-09T09:27:01","modified_gmt":"2026-01-09T12:27:01","slug":"esto-es-lo-que-el-fisco-tendra-que-desembolsar-por-el-proyecto-de-reajuste-al-sector-publico","status":"publish","type":"post","link":"https:\/\/www.radioamigavallenar.cl\/?p=97367","title":{"rendered":"Esto es lo que el Fisco tendr\u00e1 que desembolsar por el proyecto de reajuste al sector p\u00fablico"},"content":{"rendered":"<p>El \u00faltimo\u00a0<strong>proyecto de reajuste del sector p\u00fablico<\/strong>\u00a0del gobierno del presidente Gabriel Boric ha levantado varios cuestionamientos, tanto por el nivel de gasto como por normas miscel\u00e1neas apuntadas como de \u201camarre\u201d por sectores de oposici\u00f3n.<\/p>\n<p>Desde Hacienda, el\u00a0<strong>ministro Nicol\u00e1s Grau<\/strong>\u00a0ha defendido que este proyecto resulta en una menor carga fiscal que, por ejemplo, el reajuste final del segundo gobierno de Sebasti\u00e1n Pi\u00f1era \u201cy uno de los menores de la \u00faltima d\u00e9cada\u201d.<\/p>\n<p>A su vez, el jefe de Teatinos 120 ha defendido que no se est\u00e1 en presencia de un \u201camarre\u201d, sino que se busca evitar arbitrariedades en los despidos de funcionarios a contrata mediante una modificaci\u00f3n legal, donde tras un acto administrativo fundado de desvinculaci\u00f3n, las personas puedan acudir a Contralor\u00eda si consideran que el cese de sus funciones no se ajust\u00f3 a derecho.<\/p>\n<h2 style=\"text-align: center;\">Lupa a los gastos del reajuste al sector p\u00fablico<\/h2>\n<p>&nbsp;<\/p>\n<p>Durante los \u00faltimos d\u00edas, Grau ha se\u00f1alado que el coste fiscal del proyecto de reajuste al sector p\u00fablico, donde la principal medida es el alza del 3,4% total de los sueldos, conlleva un gasto fiscal de casi $1,6 billones para 2026, menor al reajuste del 2019 y un 10% inferior al promedio de $1,8 billones en la \u00faltima d\u00e9cada.<\/p>\n<p>Seg\u00fan el detalle del propio proyecto, el impacto al fisco por la ejecuci\u00f3n del mismo es de\u00a0<strong>$1.597.776 millones<\/strong>\u00a0para este a\u00f1o, incluyendo el pago retroactivo por reajuste sobre sueldos del 2025, y de\u00a0<strong>$1.147.426 millones<\/strong>\u00a0para 2027.<\/p>\n<p>En una tabla que desglosa los distintos gastos fiscales por \u00edtem,\u00a0<span class=\"destacador destacado\">los reajustes por remuneraciones y subvenciones se llevan, por lejos, la mayor\u00eda de recursos:\u00a0<strong>$838.643 millones<\/strong>\u00a0para 2026 y\u00a0<strong>$960.432 millones<\/strong>\u00a0en 2027<\/span>.<\/p>\n<div class=\"lee-tambien-bbcl\">\n<div class=\"lee-tambien-caja\"><\/div>\n<\/div>\n<p>Otro \u00edtem que concentra gasto es aqu\u00e9l sobre el denominado Sector Pasivo, que incluye Bono Invierno y los aguinaldos de Fiestas Patrias y Navidad, sumando\u00a0<strong>$331.947 millones.<\/strong>\u00a0El gasto por bono especial de negociaci\u00f3n se marc\u00f3 en los\u00a0<strong>$130.763 millones.<\/strong><\/p>\n<p>Y en el \u00edtem de pensiones e incentivo al retiro, el gasto contemplado para 2026 es de\u00a0<strong>$106.647 millones<\/strong>\u00a0y en 2027\u00a0<strong>$124.659 millones.<\/strong><\/p>\n<p>Las remuneraciones m\u00ednimas en el proyecto tienen un reajuste del 5%. Considerando este aspecto, m\u00e1s el bono mensual para trabajadores que perciben este tipo de sueldos; el bono de asistentes de la educaci\u00f3n, el bono mensual para bajas remuneraciones en la educaci\u00f3n superior y el bono para personal de la regi\u00f3n de Atacama se agregan otros\u00a0<strong>$156.097 millones<\/strong>\u00a0en gasto.<\/p>\n<h2 style=\"text-align: center;\">Las normas calificadas de \u201camarre\u201d y en la mira de la oposici\u00f3n<\/h2>\n<p>&nbsp;<\/p>\n<p>Ahora bien, m\u00e1s all\u00e1 del impacto fiscal, est\u00e1n los proyectos miscel\u00e1neos que se suelen incluir en el reajuste, donde aprovechando la \u201cr\u00e1pida\u201d tramitaci\u00f3n de la iniciativa en general, se agregan peticiones de la Mesa del Sector P\u00fablico u otro tipo de compromisos.<\/p>\n<p>Entre estos est\u00e1 el apuntado como \u201camarre\u201d de funcionarios p\u00fablicos, explicado anteriormente y cuya modificaci\u00f3n principal es que los trabajadores del aparataje estatal podr\u00e1n acusar ilegalidad en sus procesos de despidos ante Contralor\u00eda.<\/p>\n<div class=\"lee-tambien-bbcl\">\n<div class=\"lee-tambien-caja\"><\/div>\n<\/div>\n<p>Sin embargo, existen\u00a0<strong><span class=\"destacador destacado\">otras modificaciones que tambi\u00e9n causan ruido en la oposici\u00f3n<\/span><\/strong>\u00a0y que son calificadas como \u201camarre\u201d o posible \u201camarre\u201d.<\/p>\n<p>Seg\u00fan un archivo interno al que tuvo acceso Radio B\u00edo B\u00edo, algunas de estas medidas incluidas en el reajuste son la creaci\u00f3n de una asignaci\u00f3n de personal para atenci\u00f3n 24 horas en Servicios de Protecci\u00f3n a la Ni\u00f1ez y Reinserci\u00f3n Juvenil o la\u00a0<strong>norma que faculta el traspaso de personal a contrata en el IPS con ocho a\u00f1os de antig\u00fcedad a la planta profesional y t\u00e9cnica de la instituci\u00f3n.<\/strong><\/p>\n<p>Otra medida que en la bancada de RN aseguran que se tratar\u00eda de un posible amarre es el a<strong>umento de jefes de departamento en el Ministerio de Vivienda y Urbanismo (Minvu),<\/strong>\u00a0junto con el traspaso de personal a contrata del Ministerio de Obras P\u00fablicas a la Subsecretar\u00eda y la\u00a0<strong>creaci\u00f3n de cargos de planta en la Direcci\u00f3n de Obras Hidr\u00e1ulicas.<\/strong><\/p>\n","protected":false},"excerpt":{"rendered":"<p>El \u00faltimo\u00a0proyecto de reajuste del sector p\u00fablico\u00a0del gobierno del presidente Gabriel Boric ha levantado varios cuestionamientos, tanto por el nivel de gasto como por normas&hellip; <\/p>\n","protected":false},"author":7,"featured_media":97368,"comment_status":"closed","ping_status":"closed","sticky":false,"template":"","format":"standard","meta":{"footnotes":""},"categories":[37],"tags":[],"class_list":["post-97367","post","type-post","status-publish","format-standard","has-post-thumbnail","hentry","category-nacional"],"_links":{"self":[{"href":"https:\/\/www.radioamigavallenar.cl\/index.php?rest_route=\/wp\/v2\/posts\/97367","targetHints":{"allow":["GET"]}}],"collection":[{"href":"https:\/\/www.radioamigavallenar.cl\/index.php?rest_route=\/wp\/v2\/posts"}],"about":[{"href":"https:\/\/www.radioamigavallenar.cl\/index.php?rest_route=\/wp\/v2\/types\/post"}],"author":[{"embeddable":true,"href":"https:\/\/www.radioamigavallenar.cl\/index.php?rest_route=\/wp\/v2\/users\/7"}],"replies":[{"embeddable":true,"href":"https:\/\/www.radioamigavallenar.cl\/index.php?rest_route=%2Fwp%2Fv2%2Fcomments&post=97367"}],"version-history":[{"count":1,"href":"https:\/\/www.radioamigavallenar.cl\/index.php?rest_route=\/wp\/v2\/posts\/97367\/revisions"}],"predecessor-version":[{"id":97369,"href":"https:\/\/www.radioamigavallenar.cl\/index.php?rest_route=\/wp\/v2\/posts\/97367\/revisions\/97369"}],"wp:featuredmedia":[{"embeddable":true,"href":"https:\/\/www.radioamigavallenar.cl\/index.php?rest_route=\/wp\/v2\/media\/97368"}],"wp:attachment":[{"href":"https:\/\/www.radioamigavallenar.cl\/index.php?rest_route=%2Fwp%2Fv2%2Fmedia&parent=97367"}],"wp:term":[{"taxonomy":"category","embeddable":true,"href":"https:\/\/www.radioamigavallenar.cl\/index.php?rest_route=%2Fwp%2Fv2%2Fcategories&post=97367"},{"taxonomy":"post_tag","embeddable":true,"href":"https:\/\/www.radioamigavallenar.cl\/index.php?rest_route=%2Fwp%2Fv2%2Ftags&post=97367"}],"curies":[{"name":"wp","href":"https:\/\/api.w.org\/{rel}","templated":true}]}}