{"id":97365,"date":"2026-01-09T00:00:05","date_gmt":"2026-01-09T03:00:05","guid":{"rendered":"https:\/\/www.radioamigavallenar.cl\/?p=97365"},"modified":"2026-01-08T23:25:58","modified_gmt":"2026-01-09T02:25:58","slug":"senadora-provoste-informa-sobre-rebaja-en-tarifas-de-cuentas-de-la-luz-en-el-primer-semestre-de-2026-se-alcanzara-a-un-descuento-de-63-mensuales-en-atacama","status":"publish","type":"post","link":"https:\/\/www.radioamigavallenar.cl\/?p=97365","title":{"rendered":"Senadora Provoste informa sobre rebaja en tarifas de cuentas de la luz: \u201cEn el primer semestre de 2026 se alcanzar\u00e1 a un descuento de 6,3% mensuales en Atacama\u201d"},"content":{"rendered":"<p>\u201cEl desaf\u00edo futuro en el sector Energ\u00eda es seguir bajando tarifas, promoviendo la transici\u00f3n energ\u00e9tica y la inversi\u00f3n en almacenamiento, que permita seguir beneficiando a los clientes residenciales\u201d<\/p>\n<p><strong>En el marco de la implementaci\u00f3n de los descuentos tarifarios por los errores de c\u00e1lculo de la Comisi\u00f3n Nacional de Energ\u00eda, la senadora Yasna Provoste, integrante de la comisi\u00f3n de Energ\u00eda, aclar\u00f3 que este enero de 2026 en las cuentas de la luz vendr\u00e1n las rebajas tarifarias que beneficiar\u00e1n a m\u00e1s de 7,5 millones de hogares.<\/strong><\/p>\n<p>En esa l\u00ednea, la senadora Provoste, se\u00f1al\u00f3 que en promedio la rebaja tarifaria en el pa\u00eds ser\u00e1 de 5,0%, pero en el caso de Atacama la rebaja tarifaria que se aplicar\u00e1 en primer semestre 2026 alcanzar\u00e1 a un descuento de 6,3% mensuales.<\/p>\n<div class=\"code-block code-block-4\">\n<div id=\"Inread\"><\/div>\n<\/div>\n<p>Asimismo, la representante de Atacama explic\u00f3 que la resoluci\u00f3n exenta de la Comisi\u00f3n Nacional de Energ\u00eda, CNE N\u00b0780 del 15 de diciembre de 2025 y que fue publicada en el Diario Oficial el 23 de diciembre de 2025, aclara que los montos cobrados en exceso ser\u00e1n rebajados a los clientes durante el primer semestre de este a\u00f1o.<\/p>\n","protected":false},"excerpt":{"rendered":"<p>\u201cEl desaf\u00edo futuro en el sector Energ\u00eda es seguir bajando tarifas, promoviendo la transici\u00f3n energ\u00e9tica y la inversi\u00f3n en almacenamiento, que permita seguir beneficiando a&hellip; <\/p>\n","protected":false},"author":7,"featured_media":86292,"comment_status":"closed","ping_status":"closed","sticky":false,"template":"","format":"standard","meta":{"footnotes":""},"categories":[7],"tags":[],"class_list":["post-97365","post","type-post","status-publish","format-standard","has-post-thumbnail","hentry","category-atacama"],"_links":{"self":[{"href":"https:\/\/www.radioamigavallenar.cl\/index.php?rest_route=\/wp\/v2\/posts\/97365","targetHints":{"allow":["GET"]}}],"collection":[{"href":"https:\/\/www.radioamigavallenar.cl\/index.php?rest_route=\/wp\/v2\/posts"}],"about":[{"href":"https:\/\/www.radioamigavallenar.cl\/index.php?rest_route=\/wp\/v2\/types\/post"}],"author":[{"embeddable":true,"href":"https:\/\/www.radioamigavallenar.cl\/index.php?rest_route=\/wp\/v2\/users\/7"}],"replies":[{"embeddable":true,"href":"https:\/\/www.radioamigavallenar.cl\/index.php?rest_route=%2Fwp%2Fv2%2Fcomments&post=97365"}],"version-history":[{"count":1,"href":"https:\/\/www.radioamigavallenar.cl\/index.php?rest_route=\/wp\/v2\/posts\/97365\/revisions"}],"predecessor-version":[{"id":97366,"href":"https:\/\/www.radioamigavallenar.cl\/index.php?rest_route=\/wp\/v2\/posts\/97365\/revisions\/97366"}],"wp:featuredmedia":[{"embeddable":true,"href":"https:\/\/www.radioamigavallenar.cl\/index.php?rest_route=\/wp\/v2\/media\/86292"}],"wp:attachment":[{"href":"https:\/\/www.radioamigavallenar.cl\/index.php?rest_route=%2Fwp%2Fv2%2Fmedia&parent=97365"}],"wp:term":[{"taxonomy":"category","embeddable":true,"href":"https:\/\/www.radioamigavallenar.cl\/index.php?rest_route=%2Fwp%2Fv2%2Fcategories&post=97365"},{"taxonomy":"post_tag","embeddable":true,"href":"https:\/\/www.radioamigavallenar.cl\/index.php?rest_route=%2Fwp%2Fv2%2Ftags&post=97365"}],"curies":[{"name":"wp","href":"https:\/\/api.w.org\/{rel}","templated":true}]}}