{"id":97353,"date":"2026-01-08T09:22:00","date_gmt":"2026-01-08T12:22:00","guid":{"rendered":"https:\/\/www.radioamigavallenar.cl\/?p=97353"},"modified":"2026-01-08T12:55:32","modified_gmt":"2026-01-08T15:55:32","slug":"impacto-en-conectividad-y-seguridad-robo-de-cables-en-copiapo-se-disparo-un-71-en-2025","status":"publish","type":"post","link":"https:\/\/www.radioamigavallenar.cl\/?p=97353","title":{"rendered":"Impacto en conectividad y seguridad: Robo de cables en Copiap\u00f3 se dispar\u00f3 un 71% en 2025"},"content":{"rendered":"<p class=\"x_MsoListParagraph\"><span class=\"x_contentpasted0\"><b><span lang=\"ES-PE\"><span data-olk-copy-source=\"MessageBody\">Las cifras muestran un repunte sostenido en los \u00faltimos tres meses del a\u00f1o, un nivel de actividad delictual que no se ve\u00eda desde febrero de 2024 y que evidencia la acci\u00f3n de bandas cada vez m\u00e1s organizadas y persistentes en la zona.<\/span><\/span><\/b><\/span><\/p>\n<p class=\"x_MsoListParagraph\"><span class=\"x_contentpasted0\"><b><span lang=\"ES-PE\">\u00a0<\/span><\/b><\/span><\/p>\n<p class=\"x_MsoListParagraph\"><span class=\"x_contentpasted0\"><b><span lang=\"ES-PE\">\u2022 \u00a0El robo de cables afecta la conectividad de las personas, interrumpe servicios esenciales y genera un impacto directo en la seguridad y el funcionamiento de la regi\u00f3n. Movistar Chile ha habilitado el n\u00famero 800 760 911 como canal de denuncias an\u00f3nimas para prevenir delitos en la infraestructura de telecomunicaciones.<\/span><\/b><\/span><b><\/b><\/p>\n<p class=\"x_MsoListParagraph\"><span class=\"x_contentpasted0\"><b><span lang=\"ES-PE\">\u00a0<\/span><\/b><\/span><\/p>\n<p class=\"x_MsoNormal\"><span class=\"x_contentpasted0\"><span lang=\"ES-PE\">El robo de cables de telecomunicaciones en Copiap\u00f3 registr\u00f3 un aumento explosivo del 71% durante 2025, seg\u00fan datos de Movistar Chile. Adem\u00e1s, seg\u00fan la data, el aumento m\u00e1s significativo se concentr\u00f3 en los \u00faltimos meses de 2025, un fen\u00f3meno que no se registraba desde febrero de 2024. Esta tendencia al alza sostenida preocupa especialmente porque indica una mayor organizaci\u00f3n y persistencia de las bandas dedicadas al robo de cables.<\/span><\/span><\/p>\n<p class=\"x_MsoNormal\"><span class=\"x_contentpasted0\"><span lang=\"ES-PE\">\u00a0<\/span><\/span><\/p>\n<p class=\"x_MsoNormal\"><span class=\"x_contentpasted0\"><span lang=\"ES-PE\">\u00abEl patr\u00f3n que estamos observando en los \u00faltimos meses es particularmente preocupante, ya que no se trata de eventos aislados, sino de una actividad criminal sostenida y organizada que est\u00e1 afectando la infraestructura de telecomunicaciones de Copiap\u00f3\u00bb, se\u00f1al\u00f3 Isaac Henr\u00edquez, gerente de Ingenier\u00eda de Red de Movistar Chile<\/span><\/span><\/p>\n<h2 class=\"x_MsoNormal\" style=\"text-align: center;\"><span class=\"x_contentpasted0\"><b><span lang=\"ES-PE\">Un delito que golpea directamente la vida diaria de Copiap\u00f3<\/span><\/b><\/span><\/h2>\n<p class=\"x_MsoNormal\"><span class=\"x_contentpasted0\"><span lang=\"ES-PE\">\u00a0<\/span><\/span><\/p>\n<p class=\"x_MsoNormal\"><span class=\"x_contentpasted0\"><span lang=\"ES-PE\">Este tipo de delito impacta de forma inmediata y profunda a la comunidad, ya que no solo da\u00f1a la infraestructura, sino que tambi\u00e9n deja sectores completos incomunicados; interrumpe servicios esenciales que dependen de conectividad; afecta la operaci\u00f3n de comercios, impidiendo procesar pagos y operar sistemas b\u00e1sicos; dificulta el acceso a servicios de emergencia; afecta a estudiantes que dependen de plataformas digitales; y a\u00edsla a familias y adultos mayores, dej\u00e1ndolos sin medios para comunicarse.<\/span><\/span><\/p>\n<p class=\"x_MsoNormal\"><span class=\"x_contentpasted0\"><span lang=\"ES-PE\">\u00a0<\/span><\/span><\/p>\n<p class=\"x_MsoNormal\"><span class=\"x_contentpasted0\"><span lang=\"ES-PE\">El robo de cables provoca una desconexi\u00f3n abrupta que rompe la seguridad, la rutina y el funcionamiento normal de la ciudad.<\/span><\/span><\/p>\n<p class=\"x_MsoNormal\"><span class=\"x_contentpasted0\"><span lang=\"ES-PE\">\u00a0<\/span><\/span><\/p>\n<p class=\"x_MsoNormal\"><span class=\"x_contentpasted0\"><span lang=\"ES-PE\">Como respuesta a este escenario Movistar Chile, con apoyo de ALTO Chile (empresa multinacional dedicada a la protecci\u00f3n de activos), intensific\u00f3 su gesti\u00f3n legal durante 2025, logrando un aumento del 33% en la judicializaci\u00f3n de casos de robo de cables, reflejando el inter\u00e9s de perseguir legalmente estos delitos y buscar sanciones efectivas.<\/span><\/span><\/p>\n<p class=\"x_MsoNormal\"><span class=\"x_contentpasted0\"><span lang=\"ES-PE\">\u00a0<\/span><\/span><\/p>\n<p class=\"x_MsoNormal\"><span class=\"x_contentpasted0\"><span lang=\"ES-PE\">A lo anterior, se suma el robo de bater\u00edas en sitios de telecomunicaciones, un delito creciente a nivel nacional. Las bater\u00edas son el \u00faltimo eslab\u00f3n que mantiene operativa un sitio m\u00f3vil ante cortes de electricidad, permitiendo que las personas contin\u00faen comunic\u00e1ndose a trav\u00e9s de sus tel\u00e9fonos. Por lo tanto, el robo de estos elementos puede dejar sin comunicaci\u00f3n a miles de personas durante emergencias.<\/span><\/span><\/p>\n<p class=\"x_MsoNormal\"><span class=\"x_contentpasted0\"><span lang=\"ES-PE\">\u00a0<\/span><\/span><\/p>\n<p class=\"x_MsoNormal\"><span class=\"x_contentpasted0\"><span lang=\"ES-PE\">La participaci\u00f3n de la comunidad es muy importante para reducir este tipo de delitos, a trav\u00e9s de la denuncia an\u00f3nima de cualquier actividad sospechosa relacionada con la infraestructura de telecomunicaciones (cableado, antenas, entre otros), ya sea presencia de personas manipulando infraestructura, cortes inesperados o movimientos inusuales en postes o c\u00e1maras subterr\u00e1neas.<\/span><\/span><\/p>\n<p class=\"x_MsoNormal\"><span class=\"x_contentpasted0\"><span lang=\"ES-PE\">\u00a0<\/span><\/span><\/p>\n<p class=\"x_MsoNormal\"><span class=\"x_contentpasted0\"><span lang=\"ES-PE\">Las denuncias pueden realizarse al fono 800 760 911, un canal an\u00f3nimo habilitado para recibir informaci\u00f3n que permita prevenir nuevos hechos y proteger la continuidad de los servicios esenciales en la regi\u00f3n.<\/span><\/span><\/p>\n","protected":false},"excerpt":{"rendered":"<p>Las cifras muestran un repunte sostenido en los \u00faltimos tres meses del a\u00f1o, un nivel de actividad delictual que no se ve\u00eda desde febrero de&hellip; <\/p>\n","protected":false},"author":7,"featured_media":97354,"comment_status":"closed","ping_status":"closed","sticky":false,"template":"","format":"standard","meta":{"footnotes":""},"categories":[7],"tags":[],"class_list":["post-97353","post","type-post","status-publish","format-standard","has-post-thumbnail","hentry","category-atacama"],"_links":{"self":[{"href":"https:\/\/www.radioamigavallenar.cl\/index.php?rest_route=\/wp\/v2\/posts\/97353","targetHints":{"allow":["GET"]}}],"collection":[{"href":"https:\/\/www.radioamigavallenar.cl\/index.php?rest_route=\/wp\/v2\/posts"}],"about":[{"href":"https:\/\/www.radioamigavallenar.cl\/index.php?rest_route=\/wp\/v2\/types\/post"}],"author":[{"embeddable":true,"href":"https:\/\/www.radioamigavallenar.cl\/index.php?rest_route=\/wp\/v2\/users\/7"}],"replies":[{"embeddable":true,"href":"https:\/\/www.radioamigavallenar.cl\/index.php?rest_route=%2Fwp%2Fv2%2Fcomments&post=97353"}],"version-history":[{"count":1,"href":"https:\/\/www.radioamigavallenar.cl\/index.php?rest_route=\/wp\/v2\/posts\/97353\/revisions"}],"predecessor-version":[{"id":97355,"href":"https:\/\/www.radioamigavallenar.cl\/index.php?rest_route=\/wp\/v2\/posts\/97353\/revisions\/97355"}],"wp:featuredmedia":[{"embeddable":true,"href":"https:\/\/www.radioamigavallenar.cl\/index.php?rest_route=\/wp\/v2\/media\/97354"}],"wp:attachment":[{"href":"https:\/\/www.radioamigavallenar.cl\/index.php?rest_route=%2Fwp%2Fv2%2Fmedia&parent=97353"}],"wp:term":[{"taxonomy":"category","embeddable":true,"href":"https:\/\/www.radioamigavallenar.cl\/index.php?rest_route=%2Fwp%2Fv2%2Fcategories&post=97353"},{"taxonomy":"post_tag","embeddable":true,"href":"https:\/\/www.radioamigavallenar.cl\/index.php?rest_route=%2Fwp%2Fv2%2Ftags&post=97353"}],"curies":[{"name":"wp","href":"https:\/\/api.w.org\/{rel}","templated":true}]}}