{"id":97350,"date":"2026-01-08T09:25:51","date_gmt":"2026-01-08T12:25:51","guid":{"rendered":"https:\/\/www.radioamigavallenar.cl\/?p=97350"},"modified":"2026-01-08T12:28:36","modified_gmt":"2026-01-08T15:28:36","slug":"minera-el-aguila-obtiene-aprobacion-de-proyecto-por-us25-millones-para-continuar-programa-de-prospecciones-en-sector-rural-de-vallenar","status":"publish","type":"post","link":"https:\/\/www.radioamigavallenar.cl\/?p=97350","title":{"rendered":"Minera El \u00c1guila obtiene aprobaci\u00f3n de proyecto por US$25 millones para continuar programa de prospecciones en sector rural de Vallenar."},"content":{"rendered":"<p>La Sociedad Minera El \u00c1guila obtuvo la aprobaci\u00f3n ambiental del proyecto de actualizaci\u00f3n para la \u00abContinuidad del Programa de Prospecciones Geol\u00f3gicas Proyecto Productora\u00bb, el cual considera una inversi\u00f3n de US$25 millones, con la finalidad de detectar y confirmar la existencia de recursos en el sector rural de la comuna de Vallenar, denominado Sierra Coyiguales, a 15 kil\u00f3metros al sureste de la ciudad de Vallenar.<\/p>\n<p>El programa contempla la ejecuci\u00f3n de un total de 96 plataformas de sondaje y sus respectivos sondajes, de las cuales 80 corresponden a plataformas nuevas y 16 a ampliaciones de plataformas existentes.<\/p>\n<p>Seg\u00fan la empresa, el proceso de exploraci\u00f3n geol\u00f3gica, circunscrito a la fase de operaci\u00f3n, comprende el uso tanto de tecnolog\u00eda de aire reverso como diamantina, y se proyecta en un plazo de 2 a\u00f1os y 6 meses, mientras que las fases de construcci\u00f3n y cierre se proyectan que duren 1 y 5 meses respectivamente.<\/p>\n<p>La iniciativa implica actividades, como construcci\u00f3n de nuevas plataformas de sondaje, ampliaci\u00f3n de plataformas existentes, habilitaci\u00f3n de caminos interiores y accesos a plataformas, ejecuci\u00f3n de sondajes y cierre de plataformas, dicho cierre se llevar\u00e1 a cabo de forma secuencial para cada una de las plataformas contempladas por el proyecto.<\/p>\n<p>&nbsp;<\/p>\n<p>Fuente: <a href=\"https:\/\/elnoticierodelhuasco.cl\/2026\/01\/minera-el-aguila-obtiene-aprobacion-de-proyecto-por-us25-millones-para-continuar-programa-de-prospecciones\/\" target=\"_blank\" rel=\"noopener\">El Noticiero Del Huasco<\/a><\/p>\n","protected":false},"excerpt":{"rendered":"<p>La Sociedad Minera El \u00c1guila obtuvo la aprobaci\u00f3n ambiental del proyecto de actualizaci\u00f3n para la \u00abContinuidad del Programa de Prospecciones Geol\u00f3gicas Proyecto Productora\u00bb, el cual&hellip; <\/p>\n","protected":false},"author":7,"featured_media":97351,"comment_status":"closed","ping_status":"closed","sticky":false,"template":"","format":"standard","meta":{"footnotes":""},"categories":[7],"tags":[],"class_list":["post-97350","post","type-post","status-publish","format-standard","has-post-thumbnail","hentry","category-atacama"],"_links":{"self":[{"href":"https:\/\/www.radioamigavallenar.cl\/index.php?rest_route=\/wp\/v2\/posts\/97350","targetHints":{"allow":["GET"]}}],"collection":[{"href":"https:\/\/www.radioamigavallenar.cl\/index.php?rest_route=\/wp\/v2\/posts"}],"about":[{"href":"https:\/\/www.radioamigavallenar.cl\/index.php?rest_route=\/wp\/v2\/types\/post"}],"author":[{"embeddable":true,"href":"https:\/\/www.radioamigavallenar.cl\/index.php?rest_route=\/wp\/v2\/users\/7"}],"replies":[{"embeddable":true,"href":"https:\/\/www.radioamigavallenar.cl\/index.php?rest_route=%2Fwp%2Fv2%2Fcomments&post=97350"}],"version-history":[{"count":1,"href":"https:\/\/www.radioamigavallenar.cl\/index.php?rest_route=\/wp\/v2\/posts\/97350\/revisions"}],"predecessor-version":[{"id":97352,"href":"https:\/\/www.radioamigavallenar.cl\/index.php?rest_route=\/wp\/v2\/posts\/97350\/revisions\/97352"}],"wp:featuredmedia":[{"embeddable":true,"href":"https:\/\/www.radioamigavallenar.cl\/index.php?rest_route=\/wp\/v2\/media\/97351"}],"wp:attachment":[{"href":"https:\/\/www.radioamigavallenar.cl\/index.php?rest_route=%2Fwp%2Fv2%2Fmedia&parent=97350"}],"wp:term":[{"taxonomy":"category","embeddable":true,"href":"https:\/\/www.radioamigavallenar.cl\/index.php?rest_route=%2Fwp%2Fv2%2Fcategories&post=97350"},{"taxonomy":"post_tag","embeddable":true,"href":"https:\/\/www.radioamigavallenar.cl\/index.php?rest_route=%2Fwp%2Fv2%2Ftags&post=97350"}],"curies":[{"name":"wp","href":"https:\/\/api.w.org\/{rel}","templated":true}]}}