{"id":97348,"date":"2026-01-08T12:12:01","date_gmt":"2026-01-08T15:12:01","guid":{"rendered":"https:\/\/www.radioamigavallenar.cl\/?p=97348"},"modified":"2026-01-08T12:12:01","modified_gmt":"2026-01-08T15:12:01","slug":"economista-intervencion-de-ee-uu-en-venezuela-podria-favorecer-a-chile-si-baja-el-petroleo","status":"publish","type":"post","link":"https:\/\/www.radioamigavallenar.cl\/?p=97348","title":{"rendered":"Economista: Intervenci\u00f3n de EE.UU. en Venezuela \u00abpodr\u00eda favorecer a Chile\u00bb si baja el petr\u00f3leo"},"content":{"rendered":"<p>La eventual\u00a0intervenci\u00f3n<strong>\u00a0prolongada de Estados Unidos en Venezuela<\/strong>\u00a0y el control de su producci\u00f3n petrolera podr\u00eda tener<strong>\u00a0efectos econ\u00f3micos indirectos para Chile<\/strong>, principalmente por una eventual baja en el precio internacional del petr\u00f3leo, coincidieron economistas.<\/p>\n<p>El economista\u00a0<strong>Jaime Ruiz-Tagle<\/strong>\u00a0sostuvo que, desde el punto de vista econ\u00f3mico, este escenario genera\u00a0<strong>menos incertidumbre que la guerra arancelaria anunciada hace un a\u00f1o.\u00a0<\/strong><\/p>\n<p>El acad\u00e9mico advirti\u00f3 que el impacto depender\u00e1 del volumen de crudo que logre producir Venezuela: \u00absi Venezuela empieza a producir<strong>\u00a0tres o cuatro veces m\u00e1s petr\u00f3leo de lo que produc\u00eda antes<\/strong>, eso s\u00ed puede tener impacto a nivel mundial\u00bb, explic\u00f3.<\/p>\n<p>En la misma l\u00ednea,\u00a0<strong>Soledad Hormaz\u00e1bal<\/strong>, economista de Horizontal Chile, afirm\u00f3 que un\u00a0<strong>descenso del precio del petr\u00f3leo favorecer\u00eda directamente a Chile<\/strong>, aunque cuestion\u00f3 el modo en que se estar\u00eda ejerciendo el control sobre los recursos venezolanos.<\/p>\n<p>\u00abEvidentemente esto probablemente tenga un efecto a la baja en el precio del petr\u00f3leo, lo cual favorecer\u00eda a Chile\u00bb, se\u00f1al\u00f3, advirtiendo, eso s\u00ed, que se trata de un\u00a0<strong>reordenamiento geopol\u00edtico \u00abpeligroso\u00bb<\/strong>\u00a0para pa\u00edses peque\u00f1os que dependen del respeto al derecho internacional.<\/p>\n<p>Una mirada mucho m\u00e1s cr\u00edtica entreg\u00f3\u00a0<strong>Luis Eduardo Escobar<\/strong>, principal asesor economico de<strong>\u00a0Jeannette Jara<\/strong>, quien alert\u00f3 que las medidas anunciadas por Washington\u00a0<strong>alteran las reglas b\u00e1sicas del comercio internacional<\/strong>, lo que podr\u00eda generar efectos adversos de largo plazo.<\/p>\n<p>\u00abEso\u00a0<strong>redibuja totalmente las reglas<\/strong>\u00a0de lo que ha sido el desarrollo de la econom\u00eda mundial en los \u00faltimos dos siglos\u00bb, sostuvo, apuntando que ya no se comprar\u00e1n bienes\u00a0<strong>\u00abdonde sean m\u00e1s baratos, sino donde nos obliguen a comprarlos\u00bb<\/strong>, lo que terminar\u00eda afectando la eficiencia del comercio global.<\/p>\n<p>Adem\u00e1s, Luis Eduardo advirti\u00f3 que este nuevo esquema podr\u00eda perjudicar a econom\u00edas como la chilena, al\u00a0<strong>limitar la inversi\u00f3n extranjera proveniente de pa\u00edses como China<\/strong>.<\/p>\n<p>\u00abBuena parte de las inversiones en litio en Chile las han hecho chinos, porque otras empresas no han estado disponibles para hacerlas\u00bb, record\u00f3, subrayando que un\u00a0<strong>bloqueo a ese tipo de capitales incrementa la incertidumbre econ\u00f3mica internacional<\/strong>.<\/p>\n<p>Por su parte,\u00a0<strong>Pablo Eguiguren<\/strong>, director de pol\u00edticas p\u00fablicas de Libertad y Desarrollo, llam\u00f3 a la cautela y record\u00f3 que\u00a0<strong>escenarios similares han terminado siendo menos da\u00f1inos de lo previsto<\/strong>.<\/p>\n<p>\u00abEsto es noticia en desarrollo\u00bb, dijo, enfatizando que\u00a0<strong>Chile deber\u00e1 navegar cuidadosamente el conflicto<\/strong>, considerando su alta dependencia comercial de China. \u00abHay industrias completas que dependen del comercio con China, como el caso de las cerezas\u00bb, concluy\u00f3.<\/p>\n","protected":false},"excerpt":{"rendered":"<p>La eventual\u00a0intervenci\u00f3n\u00a0prolongada de Estados Unidos en Venezuela\u00a0y el control de su producci\u00f3n petrolera podr\u00eda tener\u00a0efectos econ\u00f3micos indirectos para Chile, principalmente por una eventual baja en&hellip; <\/p>\n","protected":false},"author":7,"featured_media":97202,"comment_status":"closed","ping_status":"closed","sticky":false,"template":"","format":"standard","meta":{"footnotes":""},"categories":[37],"tags":[],"class_list":["post-97348","post","type-post","status-publish","format-standard","has-post-thumbnail","hentry","category-nacional"],"_links":{"self":[{"href":"https:\/\/www.radioamigavallenar.cl\/index.php?rest_route=\/wp\/v2\/posts\/97348","targetHints":{"allow":["GET"]}}],"collection":[{"href":"https:\/\/www.radioamigavallenar.cl\/index.php?rest_route=\/wp\/v2\/posts"}],"about":[{"href":"https:\/\/www.radioamigavallenar.cl\/index.php?rest_route=\/wp\/v2\/types\/post"}],"author":[{"embeddable":true,"href":"https:\/\/www.radioamigavallenar.cl\/index.php?rest_route=\/wp\/v2\/users\/7"}],"replies":[{"embeddable":true,"href":"https:\/\/www.radioamigavallenar.cl\/index.php?rest_route=%2Fwp%2Fv2%2Fcomments&post=97348"}],"version-history":[{"count":1,"href":"https:\/\/www.radioamigavallenar.cl\/index.php?rest_route=\/wp\/v2\/posts\/97348\/revisions"}],"predecessor-version":[{"id":97349,"href":"https:\/\/www.radioamigavallenar.cl\/index.php?rest_route=\/wp\/v2\/posts\/97348\/revisions\/97349"}],"wp:featuredmedia":[{"embeddable":true,"href":"https:\/\/www.radioamigavallenar.cl\/index.php?rest_route=\/wp\/v2\/media\/97202"}],"wp:attachment":[{"href":"https:\/\/www.radioamigavallenar.cl\/index.php?rest_route=%2Fwp%2Fv2%2Fmedia&parent=97348"}],"wp:term":[{"taxonomy":"category","embeddable":true,"href":"https:\/\/www.radioamigavallenar.cl\/index.php?rest_route=%2Fwp%2Fv2%2Fcategories&post=97348"},{"taxonomy":"post_tag","embeddable":true,"href":"https:\/\/www.radioamigavallenar.cl\/index.php?rest_route=%2Fwp%2Fv2%2Ftags&post=97348"}],"curies":[{"name":"wp","href":"https:\/\/api.w.org\/{rel}","templated":true}]}}