{"id":97338,"date":"2026-01-08T10:55:01","date_gmt":"2026-01-08T13:55:01","guid":{"rendered":"https:\/\/www.radioamigavallenar.cl\/?p=97338"},"modified":"2026-01-08T10:55:01","modified_gmt":"2026-01-08T13:55:01","slug":"plan-nacional-de-busqueda-avanza-en-el-congreso-para-blindar-por-ley-su-continuidad","status":"publish","type":"post","link":"https:\/\/www.radioamigavallenar.cl\/?p=97338","title":{"rendered":"Plan Nacional de B\u00fasqueda avanza en el Congreso para blindar por ley su continuidad"},"content":{"rendered":"<p>La Comisi\u00f3n de Derechos Humanos y Pueblos Originarios de la C\u00e1mara de Diputadas y Diputados\u00a0<strong>aprob\u00f3 en general<\/strong>\u00a0el proyecto que busca otorgar\u00a0<strong>rango legal al Plan Nacional de B\u00fasqueda de Verdad y Justicia<\/strong>, iniciativa que apunta a consolidar como pol\u00edtica de Estado la b\u00fasqueda de las personas v\u00edctimas de desaparici\u00f3n forzada durante la dictadura.<\/p>\n<p>La propuesta fue respaldada por ocho votos a favor y una abstenci\u00f3n, y abri\u00f3 un plazo de una semana para la presentaci\u00f3n de indicaciones, lo que permitir\u00e1 continuar su tramitaci\u00f3n legislativa.<\/p>\n<p>En simple, la iniciativa busca que la\u00a0<span class=\"destacador destacado\">b\u00fasqueda de las personas detenidas desaparecidas sea una obligaci\u00f3n permanente del Estado.<\/span><\/p>\n<h2 style=\"text-align: center;\">Un plan m\u00e1s all\u00e1 de los vaivenes pol\u00edticos<\/h2>\n<p>Actualmente, el\u00a0<a href=\"https:\/\/www.derechoshumanos.gob.cl\/plan-nacional-de-busqueda\/\" target=\"_blank\" rel=\"noopener\">Plan Nacional de B\u00fasqueda<\/a>\u00a0funciona sobre la base de un decreto administrativo, lo que lo deja expuesto a eventuales modificaciones o retrocesos ante cambios de gobierno. El proyecto aprobado en comisi\u00f3n busca precisamente evitar ese escenario,\u00a0<span class=\"destacador destacado\">estableciendo el plan por ley y asegurando su continuidad, estabilidad y permanencia en el tiempo.<\/span><\/p>\n<p>En simple, la iniciativa busca que la b\u00fasqueda de las personas detenidas desaparecidas no dependa de la voluntad pol\u00edtica de turno, sino que se transforme en una obligaci\u00f3n permanente del Estado, con reglas claras, recursos y responsabilidades definidas.<\/p>\n<h2 style=\"text-align: center;\">Los avances del Plan Nacional de B\u00fasqueda<\/h2>\n<p>La discusi\u00f3n legislativa se da luego que en diciembre pasado, el Presidente Gabriel Boric recibiera el primer informe bienal del Plan Nacional de B\u00fasqueda, en el marco del D\u00eda Internacional de los Derechos Humanos.<\/p>\n<p>Se trat\u00f3 del primer balance oficial desde la creaci\u00f3n del plan en 2023, documento que detall\u00f3 los avances en la recopilaci\u00f3n de informaci\u00f3n, acciones de b\u00fasqueda, participaci\u00f3n de las familias y medidas orientadas a la verdad, la reparaci\u00f3n y las garant\u00edas de no repetici\u00f3n.<\/p>\n<p>En esa ocasi\u00f3n, el mandatario subray\u00f3 que el Estado tiene el deber de asumir de manera permanente la b\u00fasqueda de las personas desaparecidas.<strong>\u00a0\u201cEsta es una responsabilidad que nos compete como pa\u00eds y que debe proyectarse en el tiempo\u201d<\/strong>, afirm\u00f3.<\/p>\n<h2 style=\"text-align: center;\">Avance legislativo de proyecto que busca establecer Pan Nacional por ley<\/h2>\n<p>Tras la aprobaci\u00f3n en comisi\u00f3n, la presidenta de la instancia, la\u00a0<strong>diputada Carolina Tello<\/strong>, valor\u00f3 el avance del proyecto y el respaldo mayoritario que obtuvo.\u00a0<strong>\u201cEs una iniciativa estructural para el pa\u00eds y una obligaci\u00f3n del Estado respecto de una deuda que a\u00fan persiste\u201d<\/strong>, se\u00f1al\u00f3, destacando que no hubo votos en contra y que el trabajo legislativo continuar\u00e1 para despachar la propuesta con celeridad.<\/p>\n<p>La autora del proyecto, la\u00a0<strong>diputada Lorena Fries<\/strong>, explic\u00f3 que el objetivo central es proteger el Plan Nacional de B\u00fasqueda de los vaivenes pol\u00edticos.\u00a0<strong>\u201cDar rango legal al plan permite que los cambios de gobierno no afecten una obligaci\u00f3n legal del Estado de Chile\u201d<\/strong>, sostuvo, recalcando que se trata de avanzar en la b\u00fasqueda, esclarecer los cr\u00edmenes de desaparici\u00f3n forzada y contribuir a la verdad hist\u00f3rica.<\/p>\n<p>Fries tambi\u00e9n advirti\u00f3 sobre intentos por deslegitimar el plan, acus\u00e1ndolo de responder a motivaciones ideol\u00f3gicas, y emplaz\u00f3 al Ejecutivo a patrocinar la iniciativa y otorgarle urgencia para su pronta aprobaci\u00f3n.<\/p>\n<p>Desde las organizaciones de derechos humanos, la\u00a0<strong>presidenta de la Agrupaci\u00f3n de Familiares de Detenidos Desaparecidos, Gaby Rivera S\u00e1nchez<\/strong>, record\u00f3 que la b\u00fasqueda sigue siendo una tarea pendiente.\u00a0<strong>\u201cHan pasado m\u00e1s de 50 a\u00f1os y seguimos buscando, porque fue el Estado el que hizo desaparecer a nuestros familiares y es el Estado el que debe hacerse responsable\u201d<\/strong>, afirm\u00f3.<\/p>\n<p>La Comisi\u00f3n fij\u00f3 un plazo de una semana para la presentaci\u00f3n de indicaciones, con miras a continuar la tramitaci\u00f3n del proyecto en la C\u00e1mara.<\/p>\n","protected":false},"excerpt":{"rendered":"<p>La Comisi\u00f3n de Derechos Humanos y Pueblos Originarios de la C\u00e1mara de Diputadas y Diputados\u00a0aprob\u00f3 en general\u00a0el proyecto que busca otorgar\u00a0rango legal al Plan Nacional&hellip; <\/p>\n","protected":false},"author":7,"featured_media":97339,"comment_status":"closed","ping_status":"closed","sticky":false,"template":"","format":"standard","meta":{"footnotes":""},"categories":[37],"tags":[],"class_list":["post-97338","post","type-post","status-publish","format-standard","has-post-thumbnail","hentry","category-nacional"],"_links":{"self":[{"href":"https:\/\/www.radioamigavallenar.cl\/index.php?rest_route=\/wp\/v2\/posts\/97338","targetHints":{"allow":["GET"]}}],"collection":[{"href":"https:\/\/www.radioamigavallenar.cl\/index.php?rest_route=\/wp\/v2\/posts"}],"about":[{"href":"https:\/\/www.radioamigavallenar.cl\/index.php?rest_route=\/wp\/v2\/types\/post"}],"author":[{"embeddable":true,"href":"https:\/\/www.radioamigavallenar.cl\/index.php?rest_route=\/wp\/v2\/users\/7"}],"replies":[{"embeddable":true,"href":"https:\/\/www.radioamigavallenar.cl\/index.php?rest_route=%2Fwp%2Fv2%2Fcomments&post=97338"}],"version-history":[{"count":1,"href":"https:\/\/www.radioamigavallenar.cl\/index.php?rest_route=\/wp\/v2\/posts\/97338\/revisions"}],"predecessor-version":[{"id":97340,"href":"https:\/\/www.radioamigavallenar.cl\/index.php?rest_route=\/wp\/v2\/posts\/97338\/revisions\/97340"}],"wp:featuredmedia":[{"embeddable":true,"href":"https:\/\/www.radioamigavallenar.cl\/index.php?rest_route=\/wp\/v2\/media\/97339"}],"wp:attachment":[{"href":"https:\/\/www.radioamigavallenar.cl\/index.php?rest_route=%2Fwp%2Fv2%2Fmedia&parent=97338"}],"wp:term":[{"taxonomy":"category","embeddable":true,"href":"https:\/\/www.radioamigavallenar.cl\/index.php?rest_route=%2Fwp%2Fv2%2Fcategories&post=97338"},{"taxonomy":"post_tag","embeddable":true,"href":"https:\/\/www.radioamigavallenar.cl\/index.php?rest_route=%2Fwp%2Fv2%2Ftags&post=97338"}],"curies":[{"name":"wp","href":"https:\/\/api.w.org\/{rel}","templated":true}]}}