{"id":97330,"date":"2026-01-08T10:05:26","date_gmt":"2026-01-08T13:05:26","guid":{"rendered":"https:\/\/www.radioamigavallenar.cl\/?p=97330"},"modified":"2026-01-08T11:46:36","modified_gmt":"2026-01-08T14:46:36","slug":"kast-anuncia-que-el-20-de-enero-presentara-a-su-gabinete-y-afirma-que-nosotros-no-usamos-motosierras","status":"publish","type":"post","link":"https:\/\/www.radioamigavallenar.cl\/?p=97330","title":{"rendered":"Kast anuncia que el 20 de enero presentar\u00e1 a su gabinete y afirma que \u00abnosotros no usamos motosierras\u00bb"},"content":{"rendered":"<p>En medio de su participaci\u00f3n en Icare, el Presidente electo, Jos\u00e9 Antonio Kast, dijo que en su caso \u00abnosotros no usamos motosierras\u00bb y que el 20 de enero confirmar\u00e1 su gabinete de ministros.<\/p>\n<p>Durante su intervenci\u00f3n en el foro \u00abPrioridades para Chile en la voz del Presidente electo\u00bb, Kast aludi\u00f3 a los rumores sobre los ministros que ya estar\u00edan ratificados: \u00abNo voy a confirmar a nadie. Porque la prensa despu\u00e9s dice, no, ya confirmaron a las personas\u00bb.<\/p>\n<p>\u00abNo, el d\u00eda 20 de enero vamos a confirmar, d\u00eda martes 20 de enero, vamos a confirmar a quienes van a formar parte del gabinete. Ah\u00ed van a saber si hay biministros, triministros y m\u00e1s. O quiz\u00e1s no\u00bb, subray\u00f3.<\/p>\n<p>Con ello, aludi\u00f3 a su comentada foto con el Presidente de Argentina, Javier Milei, y la \u00abmotosierra\u00bb durante su visita a Buenos Aires.<\/p>\n<p>Al respecto, expres\u00f3 que \u00abfue bonita la motosierra. Pero nosotros no usamos motosierras, porque de nuevo, los medios especulan, y est\u00e1 muy bien porque es su labor, de que uno toque una motosierra y dice, &#8216;ah, va a pasar la motosierra&#8217;. Yo nunca he usado una motosierra\u00bb.<\/p>\n<p>En ese contexto, precis\u00f3 que \u00abcreo que uno puede llegar a los mismos lugares de acuerdo a la realidad de cada pa\u00eds. Cada pa\u00eds tiene su propia realidad\u00bb.<\/p>\n","protected":false},"excerpt":{"rendered":"<p>En medio de su participaci\u00f3n en Icare, el Presidente electo, Jos\u00e9 Antonio Kast, dijo que en su caso \u00abnosotros no usamos motosierras\u00bb y que el&hellip; <\/p>\n","protected":false},"author":7,"featured_media":97347,"comment_status":"closed","ping_status":"closed","sticky":false,"template":"","format":"standard","meta":{"footnotes":""},"categories":[37],"tags":[],"class_list":["post-97330","post","type-post","status-publish","format-standard","has-post-thumbnail","hentry","category-nacional"],"_links":{"self":[{"href":"https:\/\/www.radioamigavallenar.cl\/index.php?rest_route=\/wp\/v2\/posts\/97330","targetHints":{"allow":["GET"]}}],"collection":[{"href":"https:\/\/www.radioamigavallenar.cl\/index.php?rest_route=\/wp\/v2\/posts"}],"about":[{"href":"https:\/\/www.radioamigavallenar.cl\/index.php?rest_route=\/wp\/v2\/types\/post"}],"author":[{"embeddable":true,"href":"https:\/\/www.radioamigavallenar.cl\/index.php?rest_route=\/wp\/v2\/users\/7"}],"replies":[{"embeddable":true,"href":"https:\/\/www.radioamigavallenar.cl\/index.php?rest_route=%2Fwp%2Fv2%2Fcomments&post=97330"}],"version-history":[{"count":1,"href":"https:\/\/www.radioamigavallenar.cl\/index.php?rest_route=\/wp\/v2\/posts\/97330\/revisions"}],"predecessor-version":[{"id":97331,"href":"https:\/\/www.radioamigavallenar.cl\/index.php?rest_route=\/wp\/v2\/posts\/97330\/revisions\/97331"}],"wp:featuredmedia":[{"embeddable":true,"href":"https:\/\/www.radioamigavallenar.cl\/index.php?rest_route=\/wp\/v2\/media\/97347"}],"wp:attachment":[{"href":"https:\/\/www.radioamigavallenar.cl\/index.php?rest_route=%2Fwp%2Fv2%2Fmedia&parent=97330"}],"wp:term":[{"taxonomy":"category","embeddable":true,"href":"https:\/\/www.radioamigavallenar.cl\/index.php?rest_route=%2Fwp%2Fv2%2Fcategories&post=97330"},{"taxonomy":"post_tag","embeddable":true,"href":"https:\/\/www.radioamigavallenar.cl\/index.php?rest_route=%2Fwp%2Fv2%2Ftags&post=97330"}],"curies":[{"name":"wp","href":"https:\/\/api.w.org\/{rel}","templated":true}]}}