{"id":97327,"date":"2026-01-08T10:03:18","date_gmt":"2026-01-08T13:03:18","guid":{"rendered":"https:\/\/www.radioamigavallenar.cl\/?p=97327"},"modified":"2026-01-08T10:03:18","modified_gmt":"2026-01-08T13:03:18","slug":"nodo-desierto-vivo-cuatro-anos-conectando-ciencia-saberes-y-territorios-por-un-norte-de-chile-sustentable","status":"publish","type":"post","link":"https:\/\/www.radioamigavallenar.cl\/?p=97327","title":{"rendered":"Nodo Desierto Vivo: Cuatro a\u00f1os conectando Ciencia, Saberes y Territorios por un norte de Chile Sustentable"},"content":{"rendered":"<p>Somos impulso clave en la conexi\u00f3n entre la ciencia y las comunidades del norte de Chile, promoviendo la innovaci\u00f3n y el desarrollo sostenible. A trav\u00e9s de la colaboraci\u00f3n de universidades y serem\u00edas de ciencia, el programa aborda necesidades locales en \u00e1reas como la agricultura, las energ\u00edas renovables y m\u00e1s, fortaleciendo la identidad y el futuro de la regi\u00f3n.<\/p>\n<p>Nodo Desierto Vivo es un programa de la Agencia Nacional de Investigaci\u00f3n y Desarrollo del Ministerio de Ciencia, que tiene como objetivo fundamental conectar mediante la colaboraci\u00f3n los saberes cient\u00edficos y locales en el norte de Chile. Este programa es ejecutado por el Parque Cient\u00edfico Tecnol\u00f3gico y cuenta con la participaci\u00f3n de las cinco casas de estudio m\u00e1s destacadas de la Macrozona Norte.<\/p>\n<p>En este cuarto a\u00f1o de ejecuci\u00f3n queremos destacar las experiencias adquiridas que han permitido adentrarnos en las particularidades de los territorios, brindando atenci\u00f3n a las necesidades espec\u00edficas que, aunque diversas, son comunes entre nuestras regiones norte\u00f1as.<\/p>\n<p>Fernando \u00c1lvarez, Director del Nodo Desierto Vivo, se\u00f1ala: \u00abNuestro viaje ha sido uno de aprendizaje conjunto, donde cada comunidad ha aportado su visi\u00f3n y necesidades. Estamos construyendo puentes que conectan el conocimiento cient\u00edfico con la realidad palpable de nuestros territorios. Cada hallazgo es una oportunidad para generar un impacto positivo y sostenible en nuestra gente\u00bb.<\/p>\n<p>Dentro de nuestra agenda macrozonal, en este a\u00f1o 2025, nos aceramos muchos m\u00e1s al coraz\u00f3n de los territorios gracias a las gestiones realizadas por nuestro equipo. Esto nos permiti\u00f3 abarcar comunas y poblados de cada regi\u00f3n, lo que a su vez nos llev\u00f3 a conectar mejor con la matriz productiva fundamental en nuestros seis ejes de trabajo: la agricultura en el desierto, las energ\u00edas renovables, la miner\u00eda sustentable, la astronom\u00eda, los recursos h\u00eddricos y la diversificaci\u00f3n productiva de cada regi\u00f3n.<\/p>\n<p>Adem\u00e1s, coordinamos reuniones frecuentes y desarrollamos una pauta junto a la activa participaci\u00f3n de las seremis de Ciencia Tecnolog\u00eda Conocimiento e Innovaci\u00f3n de cada regi\u00f3n. Estas entidades son actores clave en el ecosistema CTCi y han impulsado el desarrollo innovador mediante la vinculaci\u00f3n y capacitaci\u00f3n directa a productores y acad\u00e9micos.<\/p>\n<p>Hemos potenciado las conexiones a trav\u00e9s de una variedad de webinars, talleres y charlas en l\u00ednea. Estas actividades no solo destacaron a acad\u00e9micos e investigadores de la Macrozona, sino que tambi\u00e9n fomentaron un di\u00e1logo conjunto sobre las similitudes que nos caracterizan como territorio, promoviendo una visi\u00f3n colaborativa.<\/p>\n<p>Nuestra participaci\u00f3n en ferias de divulgaci\u00f3n cient\u00edfica ha sido destacable, donde hemos compartido y ense\u00f1ado a ni\u00f1os, ni\u00f1as y adolescentes, reforzando la presencia de Nodo Desierto Vivo y su compromiso con la educaci\u00f3n y el fortalecimiento de redes en nuestra comunidad.<\/p>\n<p>El a\u00f1o 2025 fue testigo de la creaci\u00f3n y validaci\u00f3n de la mesa Macrozonal de Agro Alimentos. A trav\u00e9s de numerosos talleres en todas las regiones, hemos podido recoger y continuar recogiendo opiniones, debates y oportunidades para agricultores, acad\u00e9micos, as\u00ed como del sector p\u00fablico y privado en el \u00e1rea de Agricultura en el Desierto. Este tema seguir\u00e1 siendo un pilar fundamental de nuestra agenda para el pr\u00f3ximo a\u00f1o.<\/p>\n<p>Nodo Desierto Vivo es posible gracias al concurso Nodos Macrozonales Basal 2024 de la Agencia Nacional de Investigaci\u00f3n y Desarrollo del Ministerio de Ciencia. Su ejecuci\u00f3n se realiza en colaboraci\u00f3n con las serem\u00edas de Ciencia de cada regi\u00f3n, as\u00ed como con la Universidad de Tarapac\u00e1, la Universidad Arturo Prat, la Universidad Cat\u00f3lica del Norte, la Universidad de Antofagasta y la Universidad de Atacama. Este esfuerzo<\/p>\n<p>conjunto es un testimonio del poder de la ciencia y la colaboraci\u00f3n para construir un futuro sostenible en el norte de Chile.<\/p>\n","protected":false},"excerpt":{"rendered":"<p>Somos impulso clave en la conexi\u00f3n entre la ciencia y las comunidades del norte de Chile, promoviendo la innovaci\u00f3n y el desarrollo sostenible. A trav\u00e9s&hellip; <\/p>\n","protected":false},"author":7,"featured_media":97328,"comment_status":"closed","ping_status":"closed","sticky":false,"template":"","format":"standard","meta":{"footnotes":""},"categories":[38],"tags":[],"class_list":["post-97327","post","type-post","status-publish","format-standard","has-post-thumbnail","hentry","category-portada-regional"],"_links":{"self":[{"href":"https:\/\/www.radioamigavallenar.cl\/index.php?rest_route=\/wp\/v2\/posts\/97327","targetHints":{"allow":["GET"]}}],"collection":[{"href":"https:\/\/www.radioamigavallenar.cl\/index.php?rest_route=\/wp\/v2\/posts"}],"about":[{"href":"https:\/\/www.radioamigavallenar.cl\/index.php?rest_route=\/wp\/v2\/types\/post"}],"author":[{"embeddable":true,"href":"https:\/\/www.radioamigavallenar.cl\/index.php?rest_route=\/wp\/v2\/users\/7"}],"replies":[{"embeddable":true,"href":"https:\/\/www.radioamigavallenar.cl\/index.php?rest_route=%2Fwp%2Fv2%2Fcomments&post=97327"}],"version-history":[{"count":1,"href":"https:\/\/www.radioamigavallenar.cl\/index.php?rest_route=\/wp\/v2\/posts\/97327\/revisions"}],"predecessor-version":[{"id":97329,"href":"https:\/\/www.radioamigavallenar.cl\/index.php?rest_route=\/wp\/v2\/posts\/97327\/revisions\/97329"}],"wp:featuredmedia":[{"embeddable":true,"href":"https:\/\/www.radioamigavallenar.cl\/index.php?rest_route=\/wp\/v2\/media\/97328"}],"wp:attachment":[{"href":"https:\/\/www.radioamigavallenar.cl\/index.php?rest_route=%2Fwp%2Fv2%2Fmedia&parent=97327"}],"wp:term":[{"taxonomy":"category","embeddable":true,"href":"https:\/\/www.radioamigavallenar.cl\/index.php?rest_route=%2Fwp%2Fv2%2Fcategories&post=97327"},{"taxonomy":"post_tag","embeddable":true,"href":"https:\/\/www.radioamigavallenar.cl\/index.php?rest_route=%2Fwp%2Fv2%2Ftags&post=97327"}],"curies":[{"name":"wp","href":"https:\/\/api.w.org\/{rel}","templated":true}]}}