{"id":97324,"date":"2026-01-08T09:53:15","date_gmt":"2026-01-08T12:53:15","guid":{"rendered":"https:\/\/www.radioamigavallenar.cl\/?p=97324"},"modified":"2026-01-08T09:53:15","modified_gmt":"2026-01-08T12:53:15","slug":"el-sabado-31-de-enero-se-realizara-por-primera-vez-en-todo-el-pais-el-dia-de-los-patrimonios-en-verano","status":"publish","type":"post","link":"https:\/\/www.radioamigavallenar.cl\/?p=97324","title":{"rendered":"El s\u00e1bado 31 de enero se realizar\u00e1 por primera vez en todo el pa\u00eds el D\u00eda de los Patrimonios en Verano"},"content":{"rendered":"<p>Por primera vez en la historia del pa\u00eds, el D\u00eda de los Patrimonios tendr\u00e1 una edici\u00f3n especial en verano, iniciativa que se realizar\u00e1 el s\u00e1bado 31 de enero de 2026 en todo Chile y que busca relevar que el patrimonio tambi\u00e9n se vive en esta \u00e9poca del a\u00f1o, a trav\u00e9s de costumbres, pr\u00e1cticas, memorias y encuentros propios del per\u00edodo estival<\/p>\n<p>La nueva festividad cultural, impulsada por el Ministerio de las Culturas, las Artes y el Patrimonio, a trav\u00e9s del Servicio Nacional del Patrimonio Cultural (Serpat), se suma al calendario anual de hitos patrimoniales y se celebrar\u00e1 cada \u00faltimo s\u00e1bado de enero, seg\u00fan lo establecido en el decreto que actualiza el D\u00eda del Patrimonio Cultural de Chile.<\/p>\n<p>El \u201cD\u00eda de los Patrimonios en Verano\u201d propone reconocer y poner en valor aquellas experiencias cotidianas que forman parte de la identidad cultural del pa\u00eds y que se expresan con especial fuerza durante el verano, como los encuentros en barrios y plazas, los juegos tradicionales, la m\u00fasica que acompa\u00f1a la temporada estival, los sabores caracter\u00edsticos y el v\u00ednculo con la naturaleza, desde playas y caletas hasta valles, parques y cerros.<\/p>\n<p>&nbsp;<\/p>\n<p style=\"text-align: center;\"><strong>TIEMPO DE ENCUENTROS<\/strong><\/p>\n<p>&nbsp;<\/p>\n<p>Desde el \u00e1mbito regional, la Seremi (s) de las Culturas, las Artes y el Patrimonio de Atacama, Paulina Palavecino L\u00f3pez, destac\u00f3 el sentido de esta nueva conmemoraci\u00f3n, se\u00f1alando que \u201cel D\u00eda de los Patrimonios en Verano es una invitaci\u00f3n a reconocer que nuestra cultura y nuestro patrimonio no se detienen, sino que se viven todo el a\u00f1o. El verano es un tiempo de encuentros, de memoria compartida y de tradiciones ligadas al territorio, al mar, al desierto y a las comunidades. Esta primera edici\u00f3n nos permite iniciar el a\u00f1o celebrando lo que somos, desde una mirada cercana, comunitaria y participativa\u201d.<\/p>\n<p>En la misma l\u00ednea, la directora regional del Servicio Nacional del Patrimonio Cultural en Atacama, Catisis Lobos Alcota, enfatiz\u00f3 la importancia de la participaci\u00f3n ciudadana en esta fiesta cultural, indicando que \u201cel D\u00eda de los Patrimonios en Verano busca ampliar las formas en que las comunidades se relacionan con su patrimonio. No solo hablamos de edificios o museos, sino tambi\u00e9n de pr\u00e1cticas, recuerdos y experiencias que se viven en el descanso, en los juegos, en la m\u00fasica y en la naturaleza. Por eso invitamos a organizaciones, agrupaciones, municipios y personas a inscribir sus actividades y ser parte activa de esta celebraci\u00f3n in\u00e9dita\u201d.<\/p>\n<p>En Atacama, el D\u00eda de los Patrimonios se ha consolidado en los \u00faltimos a\u00f1os como una de las celebraciones culturales con mayor participaci\u00f3n ciudadana, con actividades como recorridos patrimoniales, apertura de espacios hist\u00f3ricos, encuentros comunitarios, muestras de oficios, m\u00fasica, memoria local y patrimonio natural. La edici\u00f3n de verano permitir\u00e1 ampliar esta experiencia a nuevos formatos y p\u00fablicos, fortaleciendo el v\u00ednculo entre cultura, territorio y comunidad.<\/p>\n<p style=\"text-align: center;\">\n<p style=\"text-align: center;\"><strong>INSCRIPCI\u00d3N ACTIVIDADES<\/strong><\/p>\n<p>&nbsp;<\/p>\n<p>Las inscripciones de actividades para el D\u00eda de los Patrimonios en Verano estar\u00e1n abiertas hasta el mi\u00e9rcoles 28 de enero de 2026, a trav\u00e9s del sitio oficial www.diadelospatrimonios.cl, plataforma donde organizaciones p\u00fablicas y privadas, comunidades, cultores y agrupaciones pueden registrar iniciativas gratuitas y abiertas a la ciudadan\u00eda, y quienes lo hagan antes del 20 de enero, podr\u00e1n optar a material de difusi\u00f3n.<\/p>\n<p>La invitaci\u00f3n es a ser parte de esta primera edici\u00f3n del D\u00eda de los Patrimonios en Verano, una fiesta cultural que reconoce que el patrimonio tambi\u00e9n se vive bajo el sol, en comunidad y desde los territorios, celebrando la diversidad, la memoria y la identidad que unen al pa\u00eds.<\/p>\n","protected":false},"excerpt":{"rendered":"<p>Por primera vez en la historia del pa\u00eds, el D\u00eda de los Patrimonios tendr\u00e1 una edici\u00f3n especial en verano, iniciativa que se realizar\u00e1 el s\u00e1bado&hellip; <\/p>\n","protected":false},"author":7,"featured_media":97325,"comment_status":"closed","ping_status":"closed","sticky":false,"template":"","format":"standard","meta":{"footnotes":""},"categories":[38],"tags":[],"class_list":["post-97324","post","type-post","status-publish","format-standard","has-post-thumbnail","hentry","category-portada-regional"],"_links":{"self":[{"href":"https:\/\/www.radioamigavallenar.cl\/index.php?rest_route=\/wp\/v2\/posts\/97324","targetHints":{"allow":["GET"]}}],"collection":[{"href":"https:\/\/www.radioamigavallenar.cl\/index.php?rest_route=\/wp\/v2\/posts"}],"about":[{"href":"https:\/\/www.radioamigavallenar.cl\/index.php?rest_route=\/wp\/v2\/types\/post"}],"author":[{"embeddable":true,"href":"https:\/\/www.radioamigavallenar.cl\/index.php?rest_route=\/wp\/v2\/users\/7"}],"replies":[{"embeddable":true,"href":"https:\/\/www.radioamigavallenar.cl\/index.php?rest_route=%2Fwp%2Fv2%2Fcomments&post=97324"}],"version-history":[{"count":1,"href":"https:\/\/www.radioamigavallenar.cl\/index.php?rest_route=\/wp\/v2\/posts\/97324\/revisions"}],"predecessor-version":[{"id":97326,"href":"https:\/\/www.radioamigavallenar.cl\/index.php?rest_route=\/wp\/v2\/posts\/97324\/revisions\/97326"}],"wp:featuredmedia":[{"embeddable":true,"href":"https:\/\/www.radioamigavallenar.cl\/index.php?rest_route=\/wp\/v2\/media\/97325"}],"wp:attachment":[{"href":"https:\/\/www.radioamigavallenar.cl\/index.php?rest_route=%2Fwp%2Fv2%2Fmedia&parent=97324"}],"wp:term":[{"taxonomy":"category","embeddable":true,"href":"https:\/\/www.radioamigavallenar.cl\/index.php?rest_route=%2Fwp%2Fv2%2Fcategories&post=97324"},{"taxonomy":"post_tag","embeddable":true,"href":"https:\/\/www.radioamigavallenar.cl\/index.php?rest_route=%2Fwp%2Fv2%2Ftags&post=97324"}],"curies":[{"name":"wp","href":"https:\/\/api.w.org\/{rel}","templated":true}]}}