{"id":97321,"date":"2026-01-08T09:50:17","date_gmt":"2026-01-08T12:50:17","guid":{"rendered":"https:\/\/www.radioamigavallenar.cl\/?p=97321"},"modified":"2026-01-08T09:50:17","modified_gmt":"2026-01-08T12:50:17","slug":"deportes-vallenar-aun-no-define-cuerpo-tecnico-y-no-se-ha-contactado-con-jugadores-para-torneo-2026","status":"publish","type":"post","link":"https:\/\/www.radioamigavallenar.cl\/?p=97321","title":{"rendered":"Deportes Vallenar a\u00fan no define cuerpo t\u00e9cnico y no se ha contactado con jugadores para torneo 2026"},"content":{"rendered":"<p>Poco y nada se sabe respecto a la situaci\u00f3n e Deportes Vallenar y el inicio deportivo para 2026. M\u00e1s all\u00e1 de conocer a trav\u00e9s de redes sociales que el club fue aceptado para ser parte del torneo durante esto a\u00f1o, no existe informaci\u00f3n respecto a la renovaci\u00f3n del cuerpo t\u00e9cnico o de algunos jugadores del a\u00f1o pasado. Menos, conocer de nuevos refuerzos para la temporada venidera.<\/p>\n<p>De forma paulatina, este medio ha consultado a la dirigencia por los plazos impuestos por ellos para tener certezas de renovaciones o nuevas contrataciones, del cuerpo t\u00e9cnico o de los jugadores, pero s\u00f3lo contestan que \u201cest\u00e1n en los tiempos\u201d. Lo que si comentaron desde la dirigencia es que siguen en busca de auspiciadores para 2026 y de un t\u00e9cnico para hacerse cargo del equipo, no dando nombres, pero si se\u00f1alando que existen conversaciones con algunos. El Noticiero del Huasco consult\u00f3 a Ricardo Fuentes, t\u00e9cnico de los Albiverdes en la \u00faltima temporada, y reconoci\u00f3 que no ha existido contacto con nadie de Vallenar.<\/p>\n<p>Consultamos con algunos jugadores del a\u00f1o pasado, quienes manifestaron que nadie del club los ha contactado, y que deben ya determinar su futuro pues hay inter\u00e9s de clubes de Tercera A para contar con sus servicios, pero tienen como prioridad a Deportes Vallenar. Sin embargo, manifestaron que no pueden esperar m\u00e1s de dos semanas y si no existe contacto, deber\u00e1n desechar a los Albiverdes para 2026.<\/p>\n<p>Desde la directiva, informaron que esperan tener listo en enero al t\u00e9cnico del equipo para 2026, y\u201d ver los jugadores que \u00e9l tiene y con cu\u00e1les del a\u00f1o pasado quiere seguir\u201d.<\/p>\n<p>Hasta el momento, no ha existido alguna manifestaci\u00f3n respecto a la continuidad de dirigentes dentro del club, como muestra de renovaci\u00f3n de experiencia y conocimientos, ha existido escasa comunicaci\u00f3n con pocas certezas de lo que se viene para 2026. Tampoco ha existido campa\u00f1as informativas para captar socios o adherentes al club, y de alguna forma poder hacer caja para apoyar al club. Hasta ahora, hay \u00e1nimos deca\u00eddos en hinchas que esperan respuestas.<\/p>\n<p>&nbsp;<\/p>\n<p>Fuente: <a href=\"https:\/\/elnoticierodelhuasco.cl\/2026\/01\/deportes-vallenar-aun-no-define-cuerpo-tecnico-y-no-se-ha-contactado-con-jugadores-para-torneo-2026\/\" target=\"_blank\" rel=\"noopener\">El Noticiero Del Huasco<\/a><\/p>\n","protected":false},"excerpt":{"rendered":"<p>Poco y nada se sabe respecto a la situaci\u00f3n e Deportes Vallenar y el inicio deportivo para 2026. M\u00e1s all\u00e1 de conocer a trav\u00e9s de&hellip; <\/p>\n","protected":false},"author":7,"featured_media":97322,"comment_status":"closed","ping_status":"closed","sticky":false,"template":"","format":"standard","meta":{"footnotes":""},"categories":[7],"tags":[],"class_list":["post-97321","post","type-post","status-publish","format-standard","has-post-thumbnail","hentry","category-atacama"],"_links":{"self":[{"href":"https:\/\/www.radioamigavallenar.cl\/index.php?rest_route=\/wp\/v2\/posts\/97321","targetHints":{"allow":["GET"]}}],"collection":[{"href":"https:\/\/www.radioamigavallenar.cl\/index.php?rest_route=\/wp\/v2\/posts"}],"about":[{"href":"https:\/\/www.radioamigavallenar.cl\/index.php?rest_route=\/wp\/v2\/types\/post"}],"author":[{"embeddable":true,"href":"https:\/\/www.radioamigavallenar.cl\/index.php?rest_route=\/wp\/v2\/users\/7"}],"replies":[{"embeddable":true,"href":"https:\/\/www.radioamigavallenar.cl\/index.php?rest_route=%2Fwp%2Fv2%2Fcomments&post=97321"}],"version-history":[{"count":1,"href":"https:\/\/www.radioamigavallenar.cl\/index.php?rest_route=\/wp\/v2\/posts\/97321\/revisions"}],"predecessor-version":[{"id":97323,"href":"https:\/\/www.radioamigavallenar.cl\/index.php?rest_route=\/wp\/v2\/posts\/97321\/revisions\/97323"}],"wp:featuredmedia":[{"embeddable":true,"href":"https:\/\/www.radioamigavallenar.cl\/index.php?rest_route=\/wp\/v2\/media\/97322"}],"wp:attachment":[{"href":"https:\/\/www.radioamigavallenar.cl\/index.php?rest_route=%2Fwp%2Fv2%2Fmedia&parent=97321"}],"wp:term":[{"taxonomy":"category","embeddable":true,"href":"https:\/\/www.radioamigavallenar.cl\/index.php?rest_route=%2Fwp%2Fv2%2Fcategories&post=97321"},{"taxonomy":"post_tag","embeddable":true,"href":"https:\/\/www.radioamigavallenar.cl\/index.php?rest_route=%2Fwp%2Fv2%2Ftags&post=97321"}],"curies":[{"name":"wp","href":"https:\/\/api.w.org\/{rel}","templated":true}]}}