{"id":97318,"date":"2026-01-08T09:44:24","date_gmt":"2026-01-08T12:44:24","guid":{"rendered":"https:\/\/www.radioamigavallenar.cl\/?p=97318"},"modified":"2026-01-08T09:44:24","modified_gmt":"2026-01-08T12:44:24","slug":"codelco-capacito-a-vecinos-de-chanaral-para-obtener-licencia-de-conductor-profesional","status":"publish","type":"post","link":"https:\/\/www.radioamigavallenar.cl\/?p=97318","title":{"rendered":"Codelco capacit\u00f3 a vecinos de Cha\u00f1aral para obtener licencia de conductor profesional"},"content":{"rendered":"<p>Codelco Salvador capacit\u00f3 a 25 vecinos de Cha\u00f1aral quienes participaron del\u00a0curso para obtener su licencia de conductor profesional Clase A2 y A4.<\/p>\n<p>&nbsp;<\/p>\n<p>El curso tuvo una duraci\u00f3n de 150 horas y fue impartido por la empresa Crosan Chile e incluy\u00f3 clases te\u00f3ricas, examen psicosensot\u00e9cnico y pr\u00e1cticas de manejo en terreno, incluyendo el pago del tr\u00e1mite para la obtenci\u00f3n de la licencia.<\/p>\n<div class=\"code-block code-block-3\">\n<div id=\"sas_99435\"><\/div>\n<\/div>\n<p>&nbsp;<\/p>\n<p>Mauricio Palma, director de Comunicaciones y Comunidades de Codelco Salvador, se\u00f1al\u00f3 que \u201cnos sentimos muy orgullosos de apoyar estas iniciativas que buscan convertirse en un cambio en la vida para los cha\u00f1aralinos, entregando las herramientas necesarias para puedan desempe\u00f1arse como conductores profesionales y optar as\u00ed a mejores perspectivas laborales\u201d.<\/p>\n<p>&nbsp;<\/p>\n<p>Entre los beneficiados se encontraba Berner Carrasco, quien hace dos a\u00f1os hab\u00eda obtenido su primera licencia Clase B gracias a este curso y ahora decidi\u00f3 perfeccionarse, se\u00f1alando que \u201csoy muy agradecido, ya que por este primer curso pude conseguir trabajo. Ahora, con esta doble licencia espero ampliar mi campo laboral y optar a nuevas oportunidades y as\u00ed, poder seguir surgiendo junto a mi familia\u201d. Por su parte, G\u00e9nesis Olivares, vecina que tambi\u00e9n aprob\u00f3 el curso dijo que \u201cresulta s\u00faper satisfactorio y muy provechoso, puesto que ahora las puertas se pueden abrir m\u00e1s f\u00e1cil para poder ser contratadas y trabajar en lo que uno quiere\u201d.<\/p>\n<div class=\"code-block code-block-4\">\n<div id=\"sas_99072\"><\/div>\n<\/div>\n<p>&nbsp;<\/p>\n<p>El curso, el cual cont\u00f3 con el apoyo de la Municipalidad de Cha\u00f1aral, permitir\u00e1 a los postulantes el poder estar aptos para el manejo de taxis, ambulancias o veh\u00edculos motorizados para el transporte p\u00fablico y privado de personas con capacidad de hasta 17 pasajeros, junto a veh\u00edculos de transporte de carga de hasta 3.500 kilos.<\/p>\n","protected":false},"excerpt":{"rendered":"<p>Codelco Salvador capacit\u00f3 a 25 vecinos de Cha\u00f1aral quienes participaron del\u00a0curso para obtener su licencia de conductor profesional Clase A2 y A4. &nbsp; El curso&hellip; <\/p>\n","protected":false},"author":7,"featured_media":97319,"comment_status":"closed","ping_status":"closed","sticky":false,"template":"","format":"standard","meta":{"footnotes":""},"categories":[7],"tags":[],"class_list":["post-97318","post","type-post","status-publish","format-standard","has-post-thumbnail","hentry","category-atacama"],"_links":{"self":[{"href":"https:\/\/www.radioamigavallenar.cl\/index.php?rest_route=\/wp\/v2\/posts\/97318","targetHints":{"allow":["GET"]}}],"collection":[{"href":"https:\/\/www.radioamigavallenar.cl\/index.php?rest_route=\/wp\/v2\/posts"}],"about":[{"href":"https:\/\/www.radioamigavallenar.cl\/index.php?rest_route=\/wp\/v2\/types\/post"}],"author":[{"embeddable":true,"href":"https:\/\/www.radioamigavallenar.cl\/index.php?rest_route=\/wp\/v2\/users\/7"}],"replies":[{"embeddable":true,"href":"https:\/\/www.radioamigavallenar.cl\/index.php?rest_route=%2Fwp%2Fv2%2Fcomments&post=97318"}],"version-history":[{"count":1,"href":"https:\/\/www.radioamigavallenar.cl\/index.php?rest_route=\/wp\/v2\/posts\/97318\/revisions"}],"predecessor-version":[{"id":97320,"href":"https:\/\/www.radioamigavallenar.cl\/index.php?rest_route=\/wp\/v2\/posts\/97318\/revisions\/97320"}],"wp:featuredmedia":[{"embeddable":true,"href":"https:\/\/www.radioamigavallenar.cl\/index.php?rest_route=\/wp\/v2\/media\/97319"}],"wp:attachment":[{"href":"https:\/\/www.radioamigavallenar.cl\/index.php?rest_route=%2Fwp%2Fv2%2Fmedia&parent=97318"}],"wp:term":[{"taxonomy":"category","embeddable":true,"href":"https:\/\/www.radioamigavallenar.cl\/index.php?rest_route=%2Fwp%2Fv2%2Fcategories&post=97318"},{"taxonomy":"post_tag","embeddable":true,"href":"https:\/\/www.radioamigavallenar.cl\/index.php?rest_route=%2Fwp%2Fv2%2Ftags&post=97318"}],"curies":[{"name":"wp","href":"https:\/\/api.w.org\/{rel}","templated":true}]}}