{"id":97312,"date":"2026-01-08T09:39:38","date_gmt":"2026-01-08T12:39:38","guid":{"rendered":"https:\/\/www.radioamigavallenar.cl\/?p=97312"},"modified":"2026-01-08T09:39:38","modified_gmt":"2026-01-08T12:39:38","slug":"injuv-y-citrid-lanzan-programa-chile-se-prepara-2026-y-la-primera-guia-nacional-sobre-desastres-socionaturales-y-riesgo-volcanico","status":"publish","type":"post","link":"https:\/\/www.radioamigavallenar.cl\/?p=97312","title":{"rendered":"INJUV y CITRID lanzan programa \u201cChile Se Prepara 2026\u201d y la primera gu\u00eda nacional sobre desastres socionaturales y riesgo volc\u00e1nico"},"content":{"rendered":"<p align=\"justify\"><strong>Desde el lunes 5 de enero ya est\u00e1n abiertas las inscripciones para m\u00e1s de 25 cursos que fortalecen la formaci\u00f3n ciudadana en gesti\u00f3n del riesgo de desastres en\u00a0<a href=\"https:\/\/voluntariadopreparado.injuv.gob.cl\/\">voluntariadopreparado.injuv.gob.cl\/<\/a>\u00a0. Pueden participar personas desde los 15 a\u00f1os y solo deben contar con Clave \u00danica y un dispositivo con conexi\u00f3n a internet.<\/strong><span id=\"more-35201\"><\/span><\/p>\n<div class=\"code-block code-block-3\">\n<div id=\"sas_99069\"><\/div>\n<\/div>\n<p align=\"justify\">\n<p align=\"justify\">Instituto Nacional de la Juventud (INJUV), con el apoyo de organizaciones como Hogar de Cristo, Cruz Roja, CITRID, Programa de Riesgo S<span lang=\"es-ES-u-co-trad\">\u00ed<\/span>smico \u2013 PRS, CONAF, Caritas, World Vision, IM CKELAR Volcanes, ADRA, Movidos x Chile, la Municipalidad de Pudahuel, entre otros, impartir\u00e1 m\u00e1s de 25 cursos durante el 19 y 30 de enero, agrupados en tres categor\u00edas: Formaci\u00f3n general para voluntario(a)s de emergencia, Formaci\u00f3n especialista de emergencia de Movidos x Chile, y Formaci\u00f3n a trav\u00e9s de academia SENAPRED.<\/p>\n<p align=\"justify\">El director nacional de INJUV, Juan Pablo Duhalde, sostiene que \u201cla preparaci\u00f3n de comunidades y de sus voluntariados ha sido fundamental para la respuesta y recuperaci\u00f3n de los territorios, sobre todo considerando la exposici\u00f3n de nuestro pa\u00eds a distintos riesgos, y a desastres en cascada. No obstante, no importa d\u00f3nde ocurra la emergencia, la poblaci\u00f3n chilena ha demostrado \u2014una y otra vez\u2014 su capacidad para organizarse, movilizarse y solidarizar\u201d. De esta forma, y para que sea accesible, el programa es gratuito y considera cursos online sincr\u00f3nicos en general, y s\u00f3lo algunas sesiones presenciales de cursos espec\u00edficos.<\/p>\n<div class=\"code-block code-block-5\">\n<div id=\"sas_99435\"><\/div>\n<\/div>\n<p align=\"justify\">Por su parte, la directora ejecutiva CITRID y acad\u00e9mica de la Facultad de Gobierno de la Universidad de Chile, Paulina Vergara, subraya que \u201cel programa Chile Se Prepara destaca, pues son a\u00fan pocos en Am\u00e9rica Latina aquellos destinados a voluntariados, y tiene un car\u00e1cter \u00fanico, especialmente por su modelo de formaci\u00f3n por niveles y por su dise\u00f1o colaborativo entre instituciones p\u00fablicas, acad\u00e9micas y de la sociedad civil, que apunta a responder ante emergencias, pero tambi\u00e9n dejar capacidades instaladas en las comunidades para una efectiva reducci\u00f3n del riesgo de desastres\u201d.<\/p>\n<p align=\"justify\">Este a\u00f1o se suma un hito acad\u00e9mico relevante: la elaboraci\u00f3n de la primera gu\u00eda nacional sobre desastres socionaturales y riesgo volc\u00e1nico destinada a voluntariados y sociedad civil organizada, titulada \u201cChile, tierra de volcanes: Gu\u00eda para convivir con riesgos de origen volc\u00e1nico\u201d, desarrollada por especialistas de CITRID y del Instituto de Investigaci\u00f3n en Riesgo Volc\u00e1nico Ckelar\u2013Volcanes, que re\u00fane a destacados investigadores e investigadoras de la Universidad de Chile, de Concepci\u00f3n y Cat\u00f3lica del Norte. La publicaci\u00f3n est\u00e1 disponible de manera gratuita en la plataforma de Chile Se Prepara, y en el repositorio de la Universidad de Chile (<a href=\"http:\/\/www.repositorio.uchile.cl\/\">www.repositorio.uchile.cl<\/a>).<\/p>\n<p align=\"justify\">Aunque Chile se encuentra entre los pa\u00edses con m\u00e1s volcanes activos en el mundo, todav\u00eda existe poca divulgaci\u00f3n cient\u00edfica en la materia, se\u00f1ala el investigador Daniel D\u00edaz. \u201cLa importancia de esta gu\u00eda es que es un primer esfuerzo para que los voluntariados cuenten con informaci\u00f3n relevante, pero a la vez fortalece el conocimiento comunitario sobre el riesgo volc\u00e1nico\u201d, agrega.<\/p>\n<p align=\"justify\">Durante 2025, el programa \u201cChile Se Prepara\u201d se consolid\u00f3 como una instancia esencial de formaci\u00f3n comunitaria. Ofreci\u00f3 54 cursos online, articulados con 22 instituciones, y reuni\u00f3 a m\u00e1s de 2.000 participantes de todas las regiones del pa\u00eds, incorporando nuevos contenidos como g\u00e9nero y desastres, infancias, personas mayores, cuidado animal, y riesgo volc\u00e1nico.<\/p>\n<p align=\"justify\">La versi\u00f3n verano 2026 del programa se realizar\u00e1 entre el 19 y el 30 de enero, con 300 cupos por curso. Las inscripciones abiertas desde el 5 de enero en voluntariadopreparado.injuv.gob.cl<a href=\"https:\/\/voluntariadopreparado.injuv.gob.cl\/\">.<\/a><\/p>\n","protected":false},"excerpt":{"rendered":"<p>Desde el lunes 5 de enero ya est\u00e1n abiertas las inscripciones para m\u00e1s de 25 cursos que fortalecen la formaci\u00f3n ciudadana en gesti\u00f3n del riesgo&hellip; <\/p>\n","protected":false},"author":7,"featured_media":97313,"comment_status":"closed","ping_status":"closed","sticky":false,"template":"","format":"standard","meta":{"footnotes":""},"categories":[38],"tags":[],"class_list":["post-97312","post","type-post","status-publish","format-standard","has-post-thumbnail","hentry","category-portada-regional"],"_links":{"self":[{"href":"https:\/\/www.radioamigavallenar.cl\/index.php?rest_route=\/wp\/v2\/posts\/97312","targetHints":{"allow":["GET"]}}],"collection":[{"href":"https:\/\/www.radioamigavallenar.cl\/index.php?rest_route=\/wp\/v2\/posts"}],"about":[{"href":"https:\/\/www.radioamigavallenar.cl\/index.php?rest_route=\/wp\/v2\/types\/post"}],"author":[{"embeddable":true,"href":"https:\/\/www.radioamigavallenar.cl\/index.php?rest_route=\/wp\/v2\/users\/7"}],"replies":[{"embeddable":true,"href":"https:\/\/www.radioamigavallenar.cl\/index.php?rest_route=%2Fwp%2Fv2%2Fcomments&post=97312"}],"version-history":[{"count":1,"href":"https:\/\/www.radioamigavallenar.cl\/index.php?rest_route=\/wp\/v2\/posts\/97312\/revisions"}],"predecessor-version":[{"id":97314,"href":"https:\/\/www.radioamigavallenar.cl\/index.php?rest_route=\/wp\/v2\/posts\/97312\/revisions\/97314"}],"wp:featuredmedia":[{"embeddable":true,"href":"https:\/\/www.radioamigavallenar.cl\/index.php?rest_route=\/wp\/v2\/media\/97313"}],"wp:attachment":[{"href":"https:\/\/www.radioamigavallenar.cl\/index.php?rest_route=%2Fwp%2Fv2%2Fmedia&parent=97312"}],"wp:term":[{"taxonomy":"category","embeddable":true,"href":"https:\/\/www.radioamigavallenar.cl\/index.php?rest_route=%2Fwp%2Fv2%2Fcategories&post=97312"},{"taxonomy":"post_tag","embeddable":true,"href":"https:\/\/www.radioamigavallenar.cl\/index.php?rest_route=%2Fwp%2Fv2%2Ftags&post=97312"}],"curies":[{"name":"wp","href":"https:\/\/api.w.org\/{rel}","templated":true}]}}