{"id":97309,"date":"2026-01-08T09:34:24","date_gmt":"2026-01-08T12:34:24","guid":{"rendered":"https:\/\/www.radioamigavallenar.cl\/?p=97309"},"modified":"2026-01-08T09:34:24","modified_gmt":"2026-01-08T12:34:24","slug":"ipc-inflacion-acumulada-durante-2025-alcanzo-el-35","status":"publish","type":"post","link":"https:\/\/www.radioamigavallenar.cl\/?p=97309","title":{"rendered":"IPC: Inflaci\u00f3n acumulada durante 2025 alcanz\u00f3 el 3,5%"},"content":{"rendered":"<p>El Instituto Nacional de Estad\u00edsticas (INE) inform\u00f3 que el\u00a0<strong>\u00cdndice de Precios al Consumidor (IPC) de diciembre fue de<\/strong>\u00a0-0,2%, con lo que la\u00a0<strong>inflaci\u00f3n acumulada durante 2025 lleg\u00f3 a 3,5%.<\/strong><\/p>\n<p>El dato\u00a0<strong>es mejor a las proyecciones<\/strong>\u00a0m\u00e1s recientes, que anticipaban una\u00a0<strong>ca\u00edda de -0,1% o incluso una inflaci\u00f3n nula<\/strong>\u00a0para el \u00faltimo mes del a\u00f1o.<\/p>\n<p>De este modo, la inflaci\u00f3n cerr\u00f3 2025 con una baja significativa respecto de enero, cuando\u00a0<strong>el indicador anual alcanzaba el 4,9%<\/strong>, y de diciembre de 2024, cuando se situaba en 4,5%.<\/p>\n<p>El retroceso del IPC tendr\u00e1 un\u00a0<strong>impacto directo en la Unidad de Fomento<\/strong>\u00a0(UF), que iniciar\u00e1\u00a0<strong>una ca\u00edda de 79 pesos en las pr\u00f3ximas semanas<\/strong>.<\/p>\n<p>Al 9 de enero<strong>\u00a0llegar\u00e1 a $39.762<\/strong>, mientras que al 9 de febrero\u00a0<strong>bajar\u00e1 a $39.682<\/strong>, lo que podr\u00eda aliviar a quienes mantienen contratos o compromisos indexados a este indicador.<\/p>\n<p>En el detalle por divisiones, destacaron las\u00a0<strong>disminuciones en vestuario y calzado<\/strong>, adem\u00e1s de\u00a0<strong>alimentos y bebidas no alcoh\u00f3licas<\/strong>, mientras que se registr\u00f3 un alza en restaurantes y alojamiento.<\/p>\n<p>Entre los productos con mayores bajas figuraron el\u00a0<strong>transporte a\u00e9reo internacional<\/strong>\u00a0(-15,9%), las\u00a0<strong>frutas de estaci\u00f3n<\/strong>\u00a0(-5,5%), los\u00a0<strong>planes de telecomunicaciones<\/strong>\u00a0(-4,8%) y los\u00a0<strong>tomates<\/strong>\u00a0(-12,4%).<\/p>\n<p>En contraste, el\u00a0<strong>transporte a\u00e9reo nacional mostr\u00f3 un aumento mensual de 18,8%,<\/strong>\u00a0influido por la alta demanda de fin de a\u00f1o, y los alimentos consumidos en restaurantes, caf\u00e9s y similares subieron 0,8% en diciembre.<\/p>\n<p>Con este resultado, la inflaci\u00f3n se mantiene contenida y\u00a0<strong>cercana al objetivo del Banco Central<\/strong>, que proyecta alcanzar el 3% durante los primeros meses de 2026.<\/p>\n","protected":false},"excerpt":{"rendered":"<p>El Instituto Nacional de Estad\u00edsticas (INE) inform\u00f3 que el\u00a0\u00cdndice de Precios al Consumidor (IPC) de diciembre fue de\u00a0-0,2%, con lo que la\u00a0inflaci\u00f3n acumulada durante 2025&hellip; <\/p>\n","protected":false},"author":7,"featured_media":97310,"comment_status":"closed","ping_status":"closed","sticky":false,"template":"","format":"standard","meta":{"footnotes":""},"categories":[37],"tags":[],"class_list":["post-97309","post","type-post","status-publish","format-standard","has-post-thumbnail","hentry","category-nacional"],"_links":{"self":[{"href":"https:\/\/www.radioamigavallenar.cl\/index.php?rest_route=\/wp\/v2\/posts\/97309","targetHints":{"allow":["GET"]}}],"collection":[{"href":"https:\/\/www.radioamigavallenar.cl\/index.php?rest_route=\/wp\/v2\/posts"}],"about":[{"href":"https:\/\/www.radioamigavallenar.cl\/index.php?rest_route=\/wp\/v2\/types\/post"}],"author":[{"embeddable":true,"href":"https:\/\/www.radioamigavallenar.cl\/index.php?rest_route=\/wp\/v2\/users\/7"}],"replies":[{"embeddable":true,"href":"https:\/\/www.radioamigavallenar.cl\/index.php?rest_route=%2Fwp%2Fv2%2Fcomments&post=97309"}],"version-history":[{"count":1,"href":"https:\/\/www.radioamigavallenar.cl\/index.php?rest_route=\/wp\/v2\/posts\/97309\/revisions"}],"predecessor-version":[{"id":97311,"href":"https:\/\/www.radioamigavallenar.cl\/index.php?rest_route=\/wp\/v2\/posts\/97309\/revisions\/97311"}],"wp:featuredmedia":[{"embeddable":true,"href":"https:\/\/www.radioamigavallenar.cl\/index.php?rest_route=\/wp\/v2\/media\/97310"}],"wp:attachment":[{"href":"https:\/\/www.radioamigavallenar.cl\/index.php?rest_route=%2Fwp%2Fv2%2Fmedia&parent=97309"}],"wp:term":[{"taxonomy":"category","embeddable":true,"href":"https:\/\/www.radioamigavallenar.cl\/index.php?rest_route=%2Fwp%2Fv2%2Fcategories&post=97309"},{"taxonomy":"post_tag","embeddable":true,"href":"https:\/\/www.radioamigavallenar.cl\/index.php?rest_route=%2Fwp%2Fv2%2Ftags&post=97309"}],"curies":[{"name":"wp","href":"https:\/\/api.w.org\/{rel}","templated":true}]}}