{"id":97306,"date":"2026-01-08T00:21:23","date_gmt":"2026-01-08T03:21:23","guid":{"rendered":"https:\/\/www.radioamigavallenar.cl\/?p=97306"},"modified":"2026-01-08T00:21:23","modified_gmt":"2026-01-08T03:21:23","slug":"dia-del-veterano-de-la-guerra-del-pacifico-copiapo-conmemorara-a-los-batallones-de-atacama-con-significativa-ceremonia","status":"publish","type":"post","link":"https:\/\/www.radioamigavallenar.cl\/?p=97306","title":{"rendered":"D\u00eda del Veterano de la Guerra del Pacifico: Copiap\u00f3 conmemorar\u00e1 a los Batallones de Atacama con significativa ceremonia"},"content":{"rendered":"<ul>\n<li>La actividad se realizar\u00e1 el martes 13 de enero en la Alameda Manuel Antonio Matta.<\/li>\n<\/ul>\n<p>La Municipalidad de Copiap\u00f3, junto a la Agrupaci\u00f3n de Difusi\u00f3n Hist\u00f3rica Batallones de Atacama, llevar\u00e1 a cabo una ceremonia conmemorativa en honor a los Batallones de Atacama, en el marco de los 100 a\u00f1os de la instauraci\u00f3n del D\u00eda del Veterano de la Guerra del Pac\u00edfico. Esta actividad busca poner en valor la memoria hist\u00f3rica y el legado de los Batallones, reconociendo su aporte a la historia local y nacional, adem\u00e1s del significado identitario y patrimonial que inspira en la comuna.<\/p>\n<p>Sobre ello, el alcalde Maglio Cicardini, expres\u00f3 que \u201cesta ceremonia no solo honra a quienes formaron parte de los Batallones de Atacama, sino que tambi\u00e9n refuerza nuestro sentido de pertenencia e identidad como copiapinos, que es algo que se ha ido perdiendo con el tiempo. Recordar nuestra historia y a sus protagonistas nos permite fortalecernos como comunidad, valorar nuestro patrimonio y, por, sobre todo, transmitir este orgullo a las nuevas generaciones, que sepan que pertenecen a una comuna con una profunda ra\u00edz hist\u00f3rica\u201d.<\/p>\n<p>Por su parte, el recreacionista, historiador de la Guerra del Pac\u00edfico y presidente de la Agrupaci\u00f3n de Difusi\u00f3n Hist\u00f3rica Batallones de Atacama, Cristian Caracciolo, se\u00f1al\u00f3 que \u201cla idea de realizar este tipo de actividades es fomentar el patrimonio y la cultura, y mantener vivo el legado material e inmaterial de los Batallones de Atacama, que es precisamente el contexto y el prop\u00f3sito de nuestra agrupaci\u00f3n.\u201d<\/p>\n<div class=\"code-block code-block-5\">\n<div id=\"sas_99435\"><\/div>\n<\/div>\n<p>\u201cCuando nos acercamos a la historia de los Batallones de Atacama, entendemos que, al igual que muchos de los batallones que participaron en la Guerra del Pac\u00edfico, estaban conformados por civiles: ciudadanos comunes, de distintas clases sociales, hombres, mujeres y j\u00f3venes, que se unieron en un solo sentir, que fue la defensa de la patria. Ese es el legado que nos dejaron y que hoy se refleja en una ciudad como Copiap\u00f3, que sigue creciendo, junto con valores fundamentales como la identidad y los valores patrios.\u201d<\/p>\n<p>\u201cEstamos muy agradecidos del alcalde Maglio Cicardini, as\u00ed como del \u00e1rea de Cultura y Turismo, que siempre nos han brindado su apoyo para concretar estas actividades, muchas de ellas organizadas de manera conjunta y con el auspicio de la municipalidad\u201d, agreg\u00f3 el historiador.<\/p>\n<p>Los Batallones de Atacama fueron contingentes militares chilenos formados principalmente por voluntarios y mineros de la \u2013en su entonces- provincia de Atacama que tuvieron un rol fundamental durante la Guerra del Pac\u00edfico. Estas unidades se distinguieron por su valent\u00eda, sacrificio y esp\u00edritu, participando de forma activa en importantes enfrentamientos como las batallas de Pisagua y Tacna. Su heroica actuaci\u00f3n los convirti\u00f3 en un s\u00edmbolo de identidad, compromiso y memoria hist\u00f3rica del norte de Chile.<\/p>\n<p>La ceremonia se realizar\u00e1 el martes 13 de enero, a las 11:30 horas, en la Alameda Manuel Antonio Matta, frente al Monumento a las Glorias de Atacama. En la misma jornada, y con previa inscripci\u00f3n (cupos ya agotados), se llevar\u00e1 a cabo una Ruta del Silencio especial en el Cementerio Municipal de Copiap\u00f3, instancia en la que se dar\u00e1 a conocer la historia de diversos personajes vinculados a la Guerra del Pac\u00edfico y a los Batallones de Atacama.<\/p>\n","protected":false},"excerpt":{"rendered":"<p>La actividad se realizar\u00e1 el martes 13 de enero en la Alameda Manuel Antonio Matta. La Municipalidad de Copiap\u00f3, junto a la Agrupaci\u00f3n de Difusi\u00f3n&hellip; <\/p>\n","protected":false},"author":7,"featured_media":97307,"comment_status":"closed","ping_status":"closed","sticky":false,"template":"","format":"standard","meta":{"footnotes":""},"categories":[38],"tags":[],"class_list":["post-97306","post","type-post","status-publish","format-standard","has-post-thumbnail","hentry","category-portada-regional"],"_links":{"self":[{"href":"https:\/\/www.radioamigavallenar.cl\/index.php?rest_route=\/wp\/v2\/posts\/97306","targetHints":{"allow":["GET"]}}],"collection":[{"href":"https:\/\/www.radioamigavallenar.cl\/index.php?rest_route=\/wp\/v2\/posts"}],"about":[{"href":"https:\/\/www.radioamigavallenar.cl\/index.php?rest_route=\/wp\/v2\/types\/post"}],"author":[{"embeddable":true,"href":"https:\/\/www.radioamigavallenar.cl\/index.php?rest_route=\/wp\/v2\/users\/7"}],"replies":[{"embeddable":true,"href":"https:\/\/www.radioamigavallenar.cl\/index.php?rest_route=%2Fwp%2Fv2%2Fcomments&post=97306"}],"version-history":[{"count":1,"href":"https:\/\/www.radioamigavallenar.cl\/index.php?rest_route=\/wp\/v2\/posts\/97306\/revisions"}],"predecessor-version":[{"id":97308,"href":"https:\/\/www.radioamigavallenar.cl\/index.php?rest_route=\/wp\/v2\/posts\/97306\/revisions\/97308"}],"wp:featuredmedia":[{"embeddable":true,"href":"https:\/\/www.radioamigavallenar.cl\/index.php?rest_route=\/wp\/v2\/media\/97307"}],"wp:attachment":[{"href":"https:\/\/www.radioamigavallenar.cl\/index.php?rest_route=%2Fwp%2Fv2%2Fmedia&parent=97306"}],"wp:term":[{"taxonomy":"category","embeddable":true,"href":"https:\/\/www.radioamigavallenar.cl\/index.php?rest_route=%2Fwp%2Fv2%2Fcategories&post=97306"},{"taxonomy":"post_tag","embeddable":true,"href":"https:\/\/www.radioamigavallenar.cl\/index.php?rest_route=%2Fwp%2Fv2%2Ftags&post=97306"}],"curies":[{"name":"wp","href":"https:\/\/api.w.org\/{rel}","templated":true}]}}