{"id":97303,"date":"2026-01-08T00:18:00","date_gmt":"2026-01-08T03:18:00","guid":{"rendered":"https:\/\/www.radioamigavallenar.cl\/?p=97303"},"modified":"2026-01-08T00:18:00","modified_gmt":"2026-01-08T03:18:00","slug":"corfo-e-inacap-inician-programa-de-formacion-en-area-stem-para-mujeres-emprendedoras","status":"publish","type":"post","link":"https:\/\/www.radioamigavallenar.cl\/?p=97303","title":{"rendered":"Corfo e Inacap inician programa de formaci\u00f3n en \u00e1rea STEM para mujeres emprendedoras"},"content":{"rendered":"<p>La iniciativa tiene como prop\u00f3sito promover y aumentar la participaci\u00f3n en las \u00e1reas de ciencia, tecnolog\u00eda, ingenier\u00eda y matem\u00e1ticas.<\/p>\n<p>Las mujeres representan m\u00e1s del 50% de toda la matr\u00edcula en la educaci\u00f3n superior, pero en \u00e1reas de las ciencias, tecnolog\u00eda, la ingenier\u00eda y matem\u00e1ticas (STEM por sus siglas en ingl\u00e9s), solo una de cada cuatro matr\u00edculas corresponde a mujeres. En este contexto, desde Corfo y en alianza con Inacap sede Copiap\u00f3, se realiz\u00f3 el lanzamiento del programa Viraliza Formaci\u00f3n Mujeres Emprendedoras STEM.<\/p>\n<p>El objetivo de la implementaci\u00f3n de este programa es traspasar conocimientos, habilidades y herramientas de base cient\u00edfico tecnol\u00f3gicas y orientaciones relativas al emprendimiento y la innovaci\u00f3n, a un grupo de cuarenta mujeres emprendedoras de la Provincia de Copiap\u00f3 (Copiap\u00f3, Caldera y Tierra Amarilla), que tengan ideas de negocios y\/o negocios en funcionamiento o formalizados basados en STEM.<\/p>\n<p>En la actividad de lanzamiento estuvo presente el Vicerrector de INACAP Copiap\u00f3, Daniel Uribe, quien destac\u00f3 que \u201cen INACAP creemos firmemente que el desarrollo de los territorios se construye a partir de la colaboraci\u00f3n entre el mundo p\u00fablico y privado. Este proyecto, apoyado por Corfo y ejecutado por INACAP, refleja ese compromiso y nuestro esfuerzo permanente por abrir m\u00e1s oportunidades para las mujeres en \u00e1reas STEM. Hoy contamos con una Beca STEM que contribuye de manera concreta a la inserci\u00f3n de mujeres en estas carreras, reduciendo brechas y promoviendo una mayor equidad\u201d.<\/p>\n<p>Por su parte, el subdirector de Corfo Atacama, Pedro Maturana, indic\u00f3 que \u201ca trav\u00e9s de esta alianza con INACAP podemos materializar un proyecto que nos permite a ampliar nuestra cobertura territorial, llegando no solo a Copiap\u00f3, sino que tambi\u00e9n a Tierra Amarilla y Caldera, lo que es un hito muy relevante para la regi\u00f3n. Es importante contar con un mayor n\u00famero de emprendimientos din\u00e1micos liderados por mujeres en la regi\u00f3n y, gracias a este tipo de acciones, contribuimos a disminuir las brechas de nuestro ecosistema de emprendimiento e innovaci\u00f3n, respondiendo as\u00ed a uno de nuestros pilares de gesti\u00f3n en Corfo\u201d.<\/p>\n<p>Este hito de lanzamiento tambi\u00e9n cont\u00f3 con la charla inspiradora de Marilyn L\u00f3pez, emprendedora de la comuna de Diego de Almagro y fundadora de EcoGen Reciclaje, quien comparti\u00f3 su experiencia y los desaf\u00edos de emprender, as\u00ed como tambi\u00e9n el camino recorrido para concretar sus ideas de negocios. Al respecto, destac\u00f3 que \u201cla brecha de g\u00e9nero en STEM es importante. Solamente el 11 % de los emprendimientos en Chile son liderados por mujeres. En este contexto el programa de formaci\u00f3n que financia Corfo y<\/p>\n<p>ejecuta INACAP es una oportunidad para abrir puertas y que muchas m\u00e1s mujeres se hagan parte de este tipo de emprendimientos para mover la aguja y acortar la brecha. Este programa contribuye en este camino con m\u00f3dulos de capacitaci\u00f3n relevantes y mentor\u00edas que son sumamente importantes para mejorar modelos de negocio\u201d.<\/p>\n<p>Una de las participantes de este programa es Alicia Mart\u00ednez, creadora de un emprendimiento que consiste en reposter\u00eda saludable en base a harina de legumbres, sin harinas refinadas y sin az\u00facar. En relaci\u00f3n con las expectativas que tiene respecto de participar de esta iniciativa, la emprendedora se\u00f1al\u00f3 que \u201cbusco adquirir m\u00e1s conocimientos, tambi\u00e9n crear nuevas alianzas con compa\u00f1eras emprendedoras que est\u00e1n en el mismo c\u00edrculo que yo, de modo de que todas vamos surgiendo juntas. Ya ven\u00eda participando en unas mentor\u00edas de INACAP y tambi\u00e9n en la academia de Corfo Atacama Talento Emprendedor (ATEM) as\u00ed que es muy bueno ser parte de este programa\u201d.<\/p>\n<p>Este Viraliza Formaci\u00f3n constar\u00e1 de talleres presenciales de 44 horas, divididos en seis m\u00f3dulos que abordar\u00e1n tem\u00e1ticas clave para el emprendimiento, como modelos de negocio, validaci\u00f3n de productos, marketing, tecnolog\u00edas emergentes, sostenibilidad y casos de \u00e9xito. Se impartir\u00e1n en Copiap\u00f3, Caldera y Tierra Amarilla, en espacios adecuados para un aprendizaje activo. A\u00fan existen cupos disponibles as\u00ed que las interesadas se pueden inscribir en el siguiente link: https:\/\/acesse.one\/HSogh<\/p>\n","protected":false},"excerpt":{"rendered":"<p>La iniciativa tiene como prop\u00f3sito promover y aumentar la participaci\u00f3n en las \u00e1reas de ciencia, tecnolog\u00eda, ingenier\u00eda y matem\u00e1ticas. Las mujeres representan m\u00e1s del 50%&hellip; <\/p>\n","protected":false},"author":7,"featured_media":97304,"comment_status":"closed","ping_status":"closed","sticky":false,"template":"","format":"standard","meta":{"footnotes":""},"categories":[7],"tags":[],"class_list":["post-97303","post","type-post","status-publish","format-standard","has-post-thumbnail","hentry","category-atacama"],"_links":{"self":[{"href":"https:\/\/www.radioamigavallenar.cl\/index.php?rest_route=\/wp\/v2\/posts\/97303","targetHints":{"allow":["GET"]}}],"collection":[{"href":"https:\/\/www.radioamigavallenar.cl\/index.php?rest_route=\/wp\/v2\/posts"}],"about":[{"href":"https:\/\/www.radioamigavallenar.cl\/index.php?rest_route=\/wp\/v2\/types\/post"}],"author":[{"embeddable":true,"href":"https:\/\/www.radioamigavallenar.cl\/index.php?rest_route=\/wp\/v2\/users\/7"}],"replies":[{"embeddable":true,"href":"https:\/\/www.radioamigavallenar.cl\/index.php?rest_route=%2Fwp%2Fv2%2Fcomments&post=97303"}],"version-history":[{"count":1,"href":"https:\/\/www.radioamigavallenar.cl\/index.php?rest_route=\/wp\/v2\/posts\/97303\/revisions"}],"predecessor-version":[{"id":97305,"href":"https:\/\/www.radioamigavallenar.cl\/index.php?rest_route=\/wp\/v2\/posts\/97303\/revisions\/97305"}],"wp:featuredmedia":[{"embeddable":true,"href":"https:\/\/www.radioamigavallenar.cl\/index.php?rest_route=\/wp\/v2\/media\/97304"}],"wp:attachment":[{"href":"https:\/\/www.radioamigavallenar.cl\/index.php?rest_route=%2Fwp%2Fv2%2Fmedia&parent=97303"}],"wp:term":[{"taxonomy":"category","embeddable":true,"href":"https:\/\/www.radioamigavallenar.cl\/index.php?rest_route=%2Fwp%2Fv2%2Fcategories&post=97303"},{"taxonomy":"post_tag","embeddable":true,"href":"https:\/\/www.radioamigavallenar.cl\/index.php?rest_route=%2Fwp%2Fv2%2Ftags&post=97303"}],"curies":[{"name":"wp","href":"https:\/\/api.w.org\/{rel}","templated":true}]}}