{"id":97300,"date":"2026-01-07T13:35:51","date_gmt":"2026-01-07T16:35:51","guid":{"rendered":"https:\/\/www.radioamigavallenar.cl\/?p=97300"},"modified":"2026-01-07T13:35:51","modified_gmt":"2026-01-07T16:35:51","slug":"se-iniciaron-exposiciones-ante-el-senado-por-proyecto-de-reajuste-al-sector-publico","status":"publish","type":"post","link":"https:\/\/www.radioamigavallenar.cl\/?p=97300","title":{"rendered":"Se iniciaron exposiciones ante el Senado por proyecto de reajuste al sector p\u00fablico"},"content":{"rendered":"<p>La Comisi\u00f3n de Hacienda del Senado inici\u00f3 este mi\u00e9rcoles la\u00a0<strong>etapa de audiencias<\/strong>\u00a0en el marco de la tramitaci\u00f3n del\u00a0<strong>proyecto de reajuste al sector p\u00fablico.<\/strong><\/p>\n<p>La instancia cuenta con la presencia de dirigentes de la mesa del sector, quienes insisten en que\u00a0<strong>la propuesta no impide despedir a nadie<\/strong>, sino que simplemente exige un acto administrativo con razones fundadas, no consignar simplemente necesidades del servicio.<\/p>\n<p>No obstante, la derecha se\u00f1al\u00f3 haber identificado siete normas que producen alg\u00fan tipo de amarre. Desde Chile Vamos alertaron que van a votar en contra\u00a0<strong>si es que no se llega a un acuerdo.<\/strong><\/p>\n<p>El diputado\u00a0<strong>Frank Sauerbaum<\/strong>\u00a0(RN) apunt\u00f3 que\u00a0<strong>el Gobierno no hace \u00abmucho esfuerzo\u00bb para llegar a consenso<\/strong>, mientras que su par\u00a0<strong>Miguel Mellado (RN<\/strong>) pidi\u00f3\u00a0<strong>no votar en general el proyecto antes de que exponga el Consejo Fiscal Aut\u00f3nomo (CFA)<\/strong>, pues sostuvo que la iniciativa no est\u00e1 financiada. Asimismo, si se pide votar sin la exposici\u00f3n del CFA podr\u00eda el reajuste bajar a cero o ser rechazado.<\/p>\n","protected":false},"excerpt":{"rendered":"<p>La Comisi\u00f3n de Hacienda del Senado inici\u00f3 este mi\u00e9rcoles la\u00a0etapa de audiencias\u00a0en el marco de la tramitaci\u00f3n del\u00a0proyecto de reajuste al sector p\u00fablico. La instancia&hellip; <\/p>\n","protected":false},"author":7,"featured_media":97301,"comment_status":"closed","ping_status":"closed","sticky":false,"template":"","format":"standard","meta":{"footnotes":""},"categories":[37],"tags":[],"class_list":["post-97300","post","type-post","status-publish","format-standard","has-post-thumbnail","hentry","category-nacional"],"_links":{"self":[{"href":"https:\/\/www.radioamigavallenar.cl\/index.php?rest_route=\/wp\/v2\/posts\/97300","targetHints":{"allow":["GET"]}}],"collection":[{"href":"https:\/\/www.radioamigavallenar.cl\/index.php?rest_route=\/wp\/v2\/posts"}],"about":[{"href":"https:\/\/www.radioamigavallenar.cl\/index.php?rest_route=\/wp\/v2\/types\/post"}],"author":[{"embeddable":true,"href":"https:\/\/www.radioamigavallenar.cl\/index.php?rest_route=\/wp\/v2\/users\/7"}],"replies":[{"embeddable":true,"href":"https:\/\/www.radioamigavallenar.cl\/index.php?rest_route=%2Fwp%2Fv2%2Fcomments&post=97300"}],"version-history":[{"count":1,"href":"https:\/\/www.radioamigavallenar.cl\/index.php?rest_route=\/wp\/v2\/posts\/97300\/revisions"}],"predecessor-version":[{"id":97302,"href":"https:\/\/www.radioamigavallenar.cl\/index.php?rest_route=\/wp\/v2\/posts\/97300\/revisions\/97302"}],"wp:featuredmedia":[{"embeddable":true,"href":"https:\/\/www.radioamigavallenar.cl\/index.php?rest_route=\/wp\/v2\/media\/97301"}],"wp:attachment":[{"href":"https:\/\/www.radioamigavallenar.cl\/index.php?rest_route=%2Fwp%2Fv2%2Fmedia&parent=97300"}],"wp:term":[{"taxonomy":"category","embeddable":true,"href":"https:\/\/www.radioamigavallenar.cl\/index.php?rest_route=%2Fwp%2Fv2%2Fcategories&post=97300"},{"taxonomy":"post_tag","embeddable":true,"href":"https:\/\/www.radioamigavallenar.cl\/index.php?rest_route=%2Fwp%2Fv2%2Ftags&post=97300"}],"curies":[{"name":"wp","href":"https:\/\/api.w.org\/{rel}","templated":true}]}}