{"id":97297,"date":"2026-01-07T13:34:07","date_gmt":"2026-01-07T16:34:07","guid":{"rendered":"https:\/\/www.radioamigavallenar.cl\/?p=97297"},"modified":"2026-01-07T13:34:07","modified_gmt":"2026-01-07T16:34:07","slug":"seremi-veronica-rivera-valora-aprobacion-del-proyecto-de-ley-integral-de-personas-mayores","status":"publish","type":"post","link":"https:\/\/www.radioamigavallenar.cl\/?p=97297","title":{"rendered":"Seremi Ver\u00f3nica Rivera valora aprobaci\u00f3n del Proyecto de Ley Integral de personas mayores"},"content":{"rendered":"<p>\u00b7 Con una excelente noticia inici\u00f3 el a\u00f1o 2026, ya que, en la Sala de la C\u00e1mara de Diputadas y Diputados se aprob\u00f3 este lunes la iniciativa, por lo tanto, en el corto plazo se espera su promulgaci\u00f3n.<\/p>\n<p>Con el objetivo de informar a la comunidad regional, su relevancia y trascendencia, la Seremi de Desarrollo Social y Familia, Ver\u00f3nica Rivera Reynoso, valor\u00f3 y precis\u00f3 la aprobaci\u00f3n del Proyecto de Ley Integral de las Personas Mayores y de Promoci\u00f3n del Envejecimiento Digno, Activo y Saludable.<\/p>\n<p>La representante de la Ministra Javiera Toro en la regi\u00f3n argument\u00f3 que, \u201cesta Ley establece un marco legal in\u00e9dito e importante para Chile, ya que establece 15 derechos espec\u00edficos para las personas mayores, que se traducen en fortalecer y reforzar su dignidad, autonom\u00eda, acceso a la justicia y participaci\u00f3n plena en la vida social, cultural y comunitaria\u201d.<\/p>\n<p>\u201cPara el Gobierno del Presidente Gabriel Boric representa un avance que modifica la forma en que el Estado se relaciona con las personas mayores, particularmente, porque avanzamos en una percepci\u00f3n y acci\u00f3n asociada a una vejez casi exclusivamente de la fragilidad, a otra muy distinta, que se enfoca en los derechos, reconociendo a las personas mayores, como sujetos activos y con plena capacidad de decisi\u00f3n. Lo que se logra con esta iniciativa legal es que podr\u00e1 promover, velar y asegurar la dignidad y la autonom\u00eda para que se ejerzan en la pr\u00e1ctica, construyendo as\u00ed, una sociedad que valore a las personas en todas las etapas de la vida\u00bb, agreg\u00f3 Ver\u00f3nica Rivera Reynoso.<\/p>\n<p>Entre sus principales avances, la nueva Ley fortalece el Servicio Nacional del Adulto Mayor (SENAMA) mediante la creaci\u00f3n de direcciones regionales, lo que permitir\u00e1 una gesti\u00f3n m\u00e1s cercana y con mayor capacidad de respuesta en los territorios. Asimismo, institucionaliza la Pol\u00edtica Nacional de Envejecimiento, asegurando continuidad y coherencia en la acci\u00f3n del Estado frente al desaf\u00edo del envejecimiento de la poblaci\u00f3n.<\/p>\n<p>En este marco, desde el Servicio Nacional del Adulto Mayor de Atacama, expresaron que, \u201cla coordinaci\u00f3n regional de SENAMA, en el contexto del *Programa Escuela de Formaci\u00f3n para Dirigentes*, durante la tramitaci\u00f3n del proyecto de ley, realiz\u00f3 capacitaciones en todas las comunas de Atacama, difundiendo los avances legislativos en la materia y los cambios normativos que se discut\u00edan y que hoy se han materializado en una Ley que reconoce derechos, impulsa una pol\u00edtica nacional de envejecimiento y fortalece institucionalmente a SENAMA, entre otros cambios en beneficio de las personas mayores del pa\u00eds\u201d.<\/p>\n<p>La normativa tambi\u00e9n crea un procedimiento judicial espec\u00edfico para abordar situaciones de abandono social de personas mayores dependientes, incorporando medidas de protecci\u00f3n, representaci\u00f3n judicial y programas especializados a cargo<\/p>\n<p>de SENAMA. A ello se suma el refuerzo de la defensa y representaci\u00f3n jur\u00eddica, mediante mayores recursos para las Corporaciones de Asistencia Judicial.<\/p>\n","protected":false},"excerpt":{"rendered":"<p>\u00b7 Con una excelente noticia inici\u00f3 el a\u00f1o 2026, ya que, en la Sala de la C\u00e1mara de Diputadas y Diputados se aprob\u00f3 este lunes&hellip; <\/p>\n","protected":false},"author":7,"featured_media":97298,"comment_status":"closed","ping_status":"closed","sticky":false,"template":"","format":"standard","meta":{"footnotes":""},"categories":[7],"tags":[],"class_list":["post-97297","post","type-post","status-publish","format-standard","has-post-thumbnail","hentry","category-atacama"],"_links":{"self":[{"href":"https:\/\/www.radioamigavallenar.cl\/index.php?rest_route=\/wp\/v2\/posts\/97297","targetHints":{"allow":["GET"]}}],"collection":[{"href":"https:\/\/www.radioamigavallenar.cl\/index.php?rest_route=\/wp\/v2\/posts"}],"about":[{"href":"https:\/\/www.radioamigavallenar.cl\/index.php?rest_route=\/wp\/v2\/types\/post"}],"author":[{"embeddable":true,"href":"https:\/\/www.radioamigavallenar.cl\/index.php?rest_route=\/wp\/v2\/users\/7"}],"replies":[{"embeddable":true,"href":"https:\/\/www.radioamigavallenar.cl\/index.php?rest_route=%2Fwp%2Fv2%2Fcomments&post=97297"}],"version-history":[{"count":1,"href":"https:\/\/www.radioamigavallenar.cl\/index.php?rest_route=\/wp\/v2\/posts\/97297\/revisions"}],"predecessor-version":[{"id":97299,"href":"https:\/\/www.radioamigavallenar.cl\/index.php?rest_route=\/wp\/v2\/posts\/97297\/revisions\/97299"}],"wp:featuredmedia":[{"embeddable":true,"href":"https:\/\/www.radioamigavallenar.cl\/index.php?rest_route=\/wp\/v2\/media\/97298"}],"wp:attachment":[{"href":"https:\/\/www.radioamigavallenar.cl\/index.php?rest_route=%2Fwp%2Fv2%2Fmedia&parent=97297"}],"wp:term":[{"taxonomy":"category","embeddable":true,"href":"https:\/\/www.radioamigavallenar.cl\/index.php?rest_route=%2Fwp%2Fv2%2Fcategories&post=97297"},{"taxonomy":"post_tag","embeddable":true,"href":"https:\/\/www.radioamigavallenar.cl\/index.php?rest_route=%2Fwp%2Fv2%2Ftags&post=97297"}],"curies":[{"name":"wp","href":"https:\/\/api.w.org\/{rel}","templated":true}]}}