{"id":97294,"date":"2026-01-07T13:26:21","date_gmt":"2026-01-07T16:26:21","guid":{"rendered":"https:\/\/www.radioamigavallenar.cl\/?p=97294"},"modified":"2026-01-07T13:26:21","modified_gmt":"2026-01-07T16:26:21","slug":"boric-reconoce-lentitud-en-reconstruccion-de-vina-del-mar-y-pide-continuidad-a-futuro-gobierno","status":"publish","type":"post","link":"https:\/\/www.radioamigavallenar.cl\/?p=97294","title":{"rendered":"Boric reconoce lentitud en reconstrucci\u00f3n de Vi\u00f1a del Mar y pide continuidad a futuro gobierno"},"content":{"rendered":"<p>El\u00a0<strong>presidente Gabriel Boric<\/strong>\u00a0encabez\u00f3 este mi\u00e9rcoles en\u00a0<strong>Vi\u00f1a del Mar<\/strong>\u00a0un encuentro con dirigentes vecinales de\u00a0<strong>sectores afectados por los incendios de 2024.<\/strong><\/p>\n<p>En la actividad en El Olivar, el mandatario reconoci\u00f3 que el proceso de reconstrucci\u00f3n ha avanzado de manera lenta y que existen aspectos que\u00a0<strong>\u201cse pudieron hacer mejor\u201d<\/strong>. Adem\u00e1s, reafirm\u00f3 el compromiso del Gobierno con las comunidades damnificadas, destac\u00f3 el proyecto para la extensi\u00f3n del Fondo de Emergencia hasta 2028 y\u00a0<span class=\"destacador destacado\">llam\u00f3 a la administraci\u00f3n entrante a asegurar la continuidad del plan como una pol\u00edtica de Estado.<\/span><\/p>\n<h2>Boric reconoce reconstrucci\u00f3n lenta en Vi\u00f1a del Mar tras incendios<\/h2>\n<p>Durante la actividad \u2014despu\u00e9s de la que hubo manifestaciones de algunos vecinos que se\u00f1alaron no haber sido invitados\u2014 el mandatario subray\u00f3 que, si bien el proceso ha sido lento en algunos casos,\u00a0<strong>\u201clo que los vecinos y vecinas nos transmiten es que no quieren volver a partir de cero\u201d:<\/strong><\/p>\n<p>\u201cEs muy leg\u00edtimo tener cr\u00edticas respecto a un gobierno, es muy leg\u00edtimo criticar en democracia a las autoridades. Pero yo le quiero transmitir a las autoridades que vendr\u00e1n -y esto lo conversar\u00e9 personalmente con el presidente electo-\u00a0<span class=\"destacador destacado\">que es muy importante que las decisiones que se tomen por parte del Gobierno entrante se tomen en conjunto con los dirigentes y dirigentes\u201d<\/span>, dijo el presidente.<\/p>\n<p>\u201cPorque ac\u00e1 se ha avanzado mucho. En algunos casos se ha avanzado lento. En algunos casos, sin lugar a dudas, se puede hacer mejor.\u00a0<strong>Pero es importante que lo que se ha avanzado no se pierda porque lo que nos transmiten los vecinos y vecinas es que no quieren volver a partir de cero y ac\u00e1 hay pol\u00edticas que tienen que entenderse como pol\u00edticas de Estado\u201d<\/strong>, recalc\u00f3 el jefe de Estado.<\/p>\n<h2>Presidente se re\u00fane con dirigentes de sectores afectados<\/h2>\n<p>Durante la instancia, el presidente sostuvo que los subsidios ya est\u00e1n asignados y que la construcci\u00f3n de viviendas se encuentra en curso, reconociendo el desaf\u00edo de acelerar los plazos.\u00a0<strong>\u201cHemos estado muy encima de este proceso y hasta el \u00faltimo d\u00eda vamos a seguir en el territorio\u201d<\/strong>, afirm\u00f3.<\/p>\n<p>En materia de compromisos, destac\u00f3 que el\u00a0<strong>Gobierno ingres\u00f3 un proyecto para extender el Fondo de Emergencia hasta 2028<\/strong>, plazo que contempla el plan de reconstrucci\u00f3n, e hizo un llamado al Congreso a aprobar la iniciativa para dar certeza a las familias afectadas.<\/p>\n<p>Adem\u00e1s, record\u00f3 que el incendio \u201cno fue un accidente\u201d y que existen nueve imputados en prisi\u00f3n preventiva, se\u00f1alando que el Ejecutivo es querellante en la causa y que se busca justicia para las v\u00edctimas.<\/p>\n","protected":false},"excerpt":{"rendered":"<p>El\u00a0presidente Gabriel Boric\u00a0encabez\u00f3 este mi\u00e9rcoles en\u00a0Vi\u00f1a del Mar\u00a0un encuentro con dirigentes vecinales de\u00a0sectores afectados por los incendios de 2024. En la actividad en El Olivar,&hellip; <\/p>\n","protected":false},"author":7,"featured_media":97295,"comment_status":"closed","ping_status":"closed","sticky":false,"template":"","format":"standard","meta":{"footnotes":""},"categories":[37],"tags":[],"class_list":["post-97294","post","type-post","status-publish","format-standard","has-post-thumbnail","hentry","category-nacional"],"_links":{"self":[{"href":"https:\/\/www.radioamigavallenar.cl\/index.php?rest_route=\/wp\/v2\/posts\/97294","targetHints":{"allow":["GET"]}}],"collection":[{"href":"https:\/\/www.radioamigavallenar.cl\/index.php?rest_route=\/wp\/v2\/posts"}],"about":[{"href":"https:\/\/www.radioamigavallenar.cl\/index.php?rest_route=\/wp\/v2\/types\/post"}],"author":[{"embeddable":true,"href":"https:\/\/www.radioamigavallenar.cl\/index.php?rest_route=\/wp\/v2\/users\/7"}],"replies":[{"embeddable":true,"href":"https:\/\/www.radioamigavallenar.cl\/index.php?rest_route=%2Fwp%2Fv2%2Fcomments&post=97294"}],"version-history":[{"count":1,"href":"https:\/\/www.radioamigavallenar.cl\/index.php?rest_route=\/wp\/v2\/posts\/97294\/revisions"}],"predecessor-version":[{"id":97296,"href":"https:\/\/www.radioamigavallenar.cl\/index.php?rest_route=\/wp\/v2\/posts\/97294\/revisions\/97296"}],"wp:featuredmedia":[{"embeddable":true,"href":"https:\/\/www.radioamigavallenar.cl\/index.php?rest_route=\/wp\/v2\/media\/97295"}],"wp:attachment":[{"href":"https:\/\/www.radioamigavallenar.cl\/index.php?rest_route=%2Fwp%2Fv2%2Fmedia&parent=97294"}],"wp:term":[{"taxonomy":"category","embeddable":true,"href":"https:\/\/www.radioamigavallenar.cl\/index.php?rest_route=%2Fwp%2Fv2%2Fcategories&post=97294"},{"taxonomy":"post_tag","embeddable":true,"href":"https:\/\/www.radioamigavallenar.cl\/index.php?rest_route=%2Fwp%2Fv2%2Ftags&post=97294"}],"curies":[{"name":"wp","href":"https:\/\/api.w.org\/{rel}","templated":true}]}}