{"id":97291,"date":"2026-01-07T13:24:47","date_gmt":"2026-01-07T16:24:47","guid":{"rendered":"https:\/\/www.radioamigavallenar.cl\/?p=97291"},"modified":"2026-01-07T13:24:47","modified_gmt":"2026-01-07T16:24:47","slug":"parque-solar-y-bess-desierto-de-atacama-de-pacific-hydro-comienza-su-operacion-comercial","status":"publish","type":"post","link":"https:\/\/www.radioamigavallenar.cl\/?p=97291","title":{"rendered":"Parque Solar y BESS Desierto de Atacama de Pacific Hydro comienza su operaci\u00f3n comercial"},"content":{"rendered":"<p>\u00b7 Es uno de los proyectos fotovoltaicos m\u00e1s grandes del pa\u00eds y representa una inversi\u00f3n cercana a los US$300 millones.<\/p>\n<p>&nbsp;<\/p>\n<p>\u00b7 El Parque permitir\u00e1 abastecer energ\u00eda limpia a m\u00e1s de 310 mil hogares a lo largo del territorio nacional, adem\u00e1s de dotar de flexibilidad al Sistema El\u00e9ctrico Nacional al contar con un sistema de almacenamiento BESS.<\/p>\n<p>&nbsp;<\/p>\n<p>Pacific Hydro alcanz\u00f3 un nuevo hito en su estrategia de diversificaci\u00f3n y crecimiento sostenible con la obtenci\u00f3n de la Declaraci\u00f3n de Operaci\u00f3n Comercial (COD) del Parque Solar Desierto de Atacama y de su sistema de almacenamiento en bater\u00edas (BESS), ubicado en la comuna de Tierra Amarilla, provincia de Copiap\u00f3, Regi\u00f3n de Atacama.<\/p>\n<p>&nbsp;<\/p>\n<p>El proyecto se someti\u00f3 a un extenso per\u00edodo de rigurosas pruebas de seguridad y confiabilidad; las cuales fueron aprobadas por la entidad coordinadora. Con una capacidad instalada de 293 MWp y un sistema de almacenamiento en bater\u00edas (BESS) de 110 MW\/ 220 MWh, este proyecto fotovoltaico permitir\u00e1 abastecer de energ\u00eda limpia a m\u00e1s de 310 mil hogares en Chile, generando aproximadamente 780 GWh al a\u00f1o y compensando m\u00e1s de 355 mil toneladas de CO\u2082 anualmente.<\/p>\n<p>&nbsp;<\/p>\n<p>La construcci\u00f3n del parque represent\u00f3 una inversi\u00f3n cercana a los US$300 millones, consolidando a Pacific Hydro como un actor clave en la transici\u00f3n energ\u00e9tica del pa\u00eds.<\/p>\n<p>La obtenci\u00f3n del COD del sistema BESS asociado al proyecto, permitir\u00e1 reforzar la flexibilidad y seguridad del sistema el\u00e9ctrico nacional y gestionar de manera m\u00e1s eficiente la energ\u00eda generada adem\u00e1s de apoyar la integraci\u00f3n de fuentes renovables variables en la matriz energ\u00e9tica del pa\u00eds.<\/p>\n<p>&nbsp;<\/p>\n<p>\u201cEl Parque Solar Desierto de Atacama es un hito hist\u00f3rico para nuestra compa\u00f1\u00eda. No solo refuerza nuestro compromiso con la descarbonizaci\u00f3n de la matriz energ\u00e9tica, sino que tambi\u00e9n marca el inicio de una nueva etapa en nuestra diversificaci\u00f3n tecnol\u00f3gica, sumando energ\u00eda solar y almacenamiento a nuestro portafolio hidroel\u00e9ctrico y e\u00f3lico\u201d, destac\u00f3 Gustavo Carmona, director ejecutivo de Proyectos de Pacific Hydro.<\/p>\n<p>&nbsp;<\/p>\n<p>Este proyecto se emplaza en una superficie de 394 hect\u00e1reas y constituye la primera gran incursi\u00f3n solar de Pacific Hydro en Chile. Actualmente, Pacific Hydro cuenta con una capacidad instalada de 719 MW en Chile, a trav\u00e9s de una combinaci\u00f3n de fuentes hidroel\u00e9ctricas y e\u00f3licas.<\/p>\n<p>&nbsp;<\/p>\n<p>En 2025, la compa\u00f1\u00eda gener\u00f3 1.362,5 GWh, de los cuales un 63,9% provino de energ\u00eda hidroel\u00e9ctrica, un 15,5% de energ\u00eda e\u00f3lica y un 20,6% de energ\u00eda Solar+BESS. Con la entrada en operaci\u00f3n del Parque Solar Desierto de Atacama, la compa\u00f1\u00eda consolida la diversificaci\u00f3n de su portafolio energ\u00e9tico, sumando la energ\u00eda solar a su matriz y fortaleciendo su aporte al Sistema El\u00e9ctrico Nacional.<\/p>\n","protected":false},"excerpt":{"rendered":"<p>\u00b7 Es uno de los proyectos fotovoltaicos m\u00e1s grandes del pa\u00eds y representa una inversi\u00f3n cercana a los US$300 millones. &nbsp; \u00b7 El Parque permitir\u00e1&hellip; <\/p>\n","protected":false},"author":7,"featured_media":97292,"comment_status":"closed","ping_status":"closed","sticky":false,"template":"","format":"standard","meta":{"footnotes":""},"categories":[7],"tags":[],"class_list":["post-97291","post","type-post","status-publish","format-standard","has-post-thumbnail","hentry","category-atacama"],"_links":{"self":[{"href":"https:\/\/www.radioamigavallenar.cl\/index.php?rest_route=\/wp\/v2\/posts\/97291","targetHints":{"allow":["GET"]}}],"collection":[{"href":"https:\/\/www.radioamigavallenar.cl\/index.php?rest_route=\/wp\/v2\/posts"}],"about":[{"href":"https:\/\/www.radioamigavallenar.cl\/index.php?rest_route=\/wp\/v2\/types\/post"}],"author":[{"embeddable":true,"href":"https:\/\/www.radioamigavallenar.cl\/index.php?rest_route=\/wp\/v2\/users\/7"}],"replies":[{"embeddable":true,"href":"https:\/\/www.radioamigavallenar.cl\/index.php?rest_route=%2Fwp%2Fv2%2Fcomments&post=97291"}],"version-history":[{"count":1,"href":"https:\/\/www.radioamigavallenar.cl\/index.php?rest_route=\/wp\/v2\/posts\/97291\/revisions"}],"predecessor-version":[{"id":97293,"href":"https:\/\/www.radioamigavallenar.cl\/index.php?rest_route=\/wp\/v2\/posts\/97291\/revisions\/97293"}],"wp:featuredmedia":[{"embeddable":true,"href":"https:\/\/www.radioamigavallenar.cl\/index.php?rest_route=\/wp\/v2\/media\/97292"}],"wp:attachment":[{"href":"https:\/\/www.radioamigavallenar.cl\/index.php?rest_route=%2Fwp%2Fv2%2Fmedia&parent=97291"}],"wp:term":[{"taxonomy":"category","embeddable":true,"href":"https:\/\/www.radioamigavallenar.cl\/index.php?rest_route=%2Fwp%2Fv2%2Fcategories&post=97291"},{"taxonomy":"post_tag","embeddable":true,"href":"https:\/\/www.radioamigavallenar.cl\/index.php?rest_route=%2Fwp%2Fv2%2Ftags&post=97291"}],"curies":[{"name":"wp","href":"https:\/\/api.w.org\/{rel}","templated":true}]}}