{"id":97288,"date":"2026-01-07T13:16:20","date_gmt":"2026-01-07T16:16:20","guid":{"rendered":"https:\/\/www.radioamigavallenar.cl\/?p=97288"},"modified":"2026-01-07T13:16:20","modified_gmt":"2026-01-07T16:16:20","slug":"pdi-detuvo-a-imputado-por-homicidio-calificado-y-fiscalia-obtuvo-su-prision-preventiva-en-vallenar","status":"publish","type":"post","link":"https:\/\/www.radioamigavallenar.cl\/?p=97288","title":{"rendered":"PDI detuvo a imputado por homicidio calificado y Fiscal\u00eda obtuvo su prisi\u00f3n preventiva en Vallenar"},"content":{"rendered":"<p align=\"justify\"><strong><span lang=\"es-ES\">Brigada de Homicidios y Equipo ECOH realizaron diligencias investigativas luego de un grave ataque con arma blanca de parte del imputado.<\/span><\/strong><span id=\"more-35131\"><\/span><\/p>\n<div class=\"code-block code-block-3\">\n<div id=\"sas_99069\"><\/div>\n<\/div>\n<p align=\"justify\"><span lang=\"es-ES\">La funci\u00f3n investigativa de la Unidad SACFI-ECOH de la Fiscal\u00eda de Atacama y detectives de la Brigada de Homicidios (BH) de la PDI Copiap\u00f3, llev\u00f3 a la realizaci\u00f3n de diligencias luego de un homicidio ocurrido en Vallenar, logrando detener al responsable del il\u00edcito tras esclarecer la din\u00e1mica del hecho.<\/span><\/p>\n<div class=\"code-block code-block-5\">\n<div id=\"sas_99435\"><\/div>\n<\/div>\n<p align=\"justify\"><span lang=\"es-ES\">Respecto del procedimiento, el jefe de esta brigada especializada, subprefecto Francisco Mu\u00f1oz, indic\u00f3 que oficiales policiales de la BH Copiap\u00f3, en coordinaci\u00f3n con la Fiscal\u00eda de Atacama, concurrieron hasta Vallenar producto del ingreso de un hombre al Hospital Provincial del Huasco con m\u00faltiples heridas cortantes en su cuerpo, permaneciendo en riesgo vital. \u201cEl trabajo policial desarrollado en distintos puntos de la comuna permiti\u00f3 establecer la identidad de la v\u00edctima, un hombre chileno de 30 a\u00f1os, con antecedentes policiales por los delitos de robo con intimidaci\u00f3n y lesiones. Adem\u00e1s, las diligencias permitieron determinar que la v\u00edctima manten\u00eda conflictos previos con el imputado, su cu\u00f1ado, debido a reiterados episodios de violencia intrafamiliar entre la v\u00edctima y su pareja, hermana del detenido, generando constantes problemas entre ambos\u201d, se\u00f1al\u00f3<\/span><\/p>\n<p align=\"justify\"><span lang=\"es-ES\">El oficial policial a\u00f1adi\u00f3 que \u201cen virtud con lo anterior, el 1 de enero, el imputado concurri\u00f3 junto a otros acompa\u00f1antes en b\u00fasqueda de la v\u00edctima, dando con su paradero y propin\u00e1ndole diversas agresiones con palos y machetes. Durante la agresi\u00f3n, el afectado logr\u00f3 escapar hasta un inmueble, pero fue encontrado nuevamente por el imputado y otro acompa\u00f1ante, quienes continuaron con las agresiones, siendo la lesi\u00f3n de mayor gravedad una herida corto penetrante a nivel tor\u00e1cico posterior del cuerpo de la v\u00edctima, la cual fue trasladada hasta el Hospital Provincial del Huasco, donde ingres\u00f3 en riesgo vital, falleciendo posteriormente debido a la gravedad de sus lesiones, configur\u00e1ndose de esta forma el delito como homicidio calificado\u201d.<\/span><\/p>\n<p align=\"justify\"><span lang=\"es-ES\">Respecto de este caso la Brigada de Homicidios de la PDI Copiap\u00f3, continu\u00f3 llevando a cabo diversas diligencias con el objetivo de ubicar al autor del delito, lo que permiti\u00f3 dar con su paradero en el sector Vista Alegre de Vallenar, procediendo a su detenci\u00f3n.<\/span><\/p>\n<p style=\"text-align: center;\" align=\"justify\"><strong><span lang=\"es-ES\">EQUIPO ECOH<\/span><\/strong><\/p>\n<p align=\"justify\"><span lang=\"es-ES\">Respecto de la investigaci\u00f3n el fiscal de la Unidad SACFI-ECOH, Sebasti\u00e1n Coya Gonz\u00e1lez, indic\u00f3 que luego del grave ataque se traslad\u00f3 hasta Vallenar el Equipo Contra el Crimen Organizado y Homicidios (ECOH) de la Fiscal\u00eda de Atacama, quienes llevaron a cabo tareas investigativas cuyos resultados fueron incorporados a la carpeta de esta causa, pudiendo adem\u00e1s reunir antecedentes junto a detectives de la PDI respecto de la identidad del agresor.<\/span><\/p>\n<p align=\"justify\">\u201c<span lang=\"es-ES\">El detenido por este crimen fue presentado ante el Juzgado de Garant\u00eda de esta comuna, oportunidad en que la Fiscal\u00eda argument\u00f3 cada uno de los medios de prueba reunidos en esta etapa inicial de la causa, junto con los antecedentes que llevaron a establecer la participaci\u00f3n del detenido en los hechos y las motivaciones que tuvo para concretar la fatal agresi\u00f3n. Frente a ello, le fue comunicado que se le investiga por su participaci\u00f3n en el delito consumado de homicidio calificado, adem\u00e1s de un homicidio simple en grado de frustrado por un ataque que sufri\u00f3 una segunda v\u00edctima durante la din\u00e1mica que se indaga\u201d, dijo el fiscal.<\/span><\/p>\n<p align=\"justify\"><span lang=\"es-ES\">En la audiencia se acredit\u00f3 la existencia de los delitos y la participaci\u00f3n del detenido, instancia judicial en que la Fiscal\u00eda solicit\u00f3 y obtuvo la medida cautelar de prisi\u00f3n preventiva por considerar al imputado como un peligro para la seguridad de la sociedad.<\/span><\/p>\n","protected":false},"excerpt":{"rendered":"<p>Brigada de Homicidios y Equipo ECOH realizaron diligencias investigativas luego de un grave ataque con arma blanca de parte del imputado. La funci\u00f3n investigativa de&hellip; <\/p>\n","protected":false},"author":7,"featured_media":97289,"comment_status":"closed","ping_status":"closed","sticky":false,"template":"","format":"standard","meta":{"footnotes":""},"categories":[7],"tags":[],"class_list":["post-97288","post","type-post","status-publish","format-standard","has-post-thumbnail","hentry","category-atacama"],"_links":{"self":[{"href":"https:\/\/www.radioamigavallenar.cl\/index.php?rest_route=\/wp\/v2\/posts\/97288","targetHints":{"allow":["GET"]}}],"collection":[{"href":"https:\/\/www.radioamigavallenar.cl\/index.php?rest_route=\/wp\/v2\/posts"}],"about":[{"href":"https:\/\/www.radioamigavallenar.cl\/index.php?rest_route=\/wp\/v2\/types\/post"}],"author":[{"embeddable":true,"href":"https:\/\/www.radioamigavallenar.cl\/index.php?rest_route=\/wp\/v2\/users\/7"}],"replies":[{"embeddable":true,"href":"https:\/\/www.radioamigavallenar.cl\/index.php?rest_route=%2Fwp%2Fv2%2Fcomments&post=97288"}],"version-history":[{"count":1,"href":"https:\/\/www.radioamigavallenar.cl\/index.php?rest_route=\/wp\/v2\/posts\/97288\/revisions"}],"predecessor-version":[{"id":97290,"href":"https:\/\/www.radioamigavallenar.cl\/index.php?rest_route=\/wp\/v2\/posts\/97288\/revisions\/97290"}],"wp:featuredmedia":[{"embeddable":true,"href":"https:\/\/www.radioamigavallenar.cl\/index.php?rest_route=\/wp\/v2\/media\/97289"}],"wp:attachment":[{"href":"https:\/\/www.radioamigavallenar.cl\/index.php?rest_route=%2Fwp%2Fv2%2Fmedia&parent=97288"}],"wp:term":[{"taxonomy":"category","embeddable":true,"href":"https:\/\/www.radioamigavallenar.cl\/index.php?rest_route=%2Fwp%2Fv2%2Fcategories&post=97288"},{"taxonomy":"post_tag","embeddable":true,"href":"https:\/\/www.radioamigavallenar.cl\/index.php?rest_route=%2Fwp%2Fv2%2Ftags&post=97288"}],"curies":[{"name":"wp","href":"https:\/\/api.w.org\/{rel}","templated":true}]}}