{"id":97285,"date":"2026-01-07T12:50:52","date_gmt":"2026-01-07T15:50:52","guid":{"rendered":"https:\/\/www.radioamigavallenar.cl\/?p=97285"},"modified":"2026-01-07T12:50:52","modified_gmt":"2026-01-07T15:50:52","slug":"diputados-electos-acusan-logica-de-sillita-musical-en-el-gobierno-tras-nuevo-cargo-de-etcheverry","status":"publish","type":"post","link":"https:\/\/www.radioamigavallenar.cl\/?p=97285","title":{"rendered":"Diputados electos acusan l\u00f3gica de \u00absillita musical\u00bb en el Gobierno tras nuevo cargo de Etcheverry"},"content":{"rendered":"<p>Los parlamentarios electos del Partido Republicano (Rep), Javiera Rodr\u00edguez y Valentina Becerra, junto a Patricio Briones, del Partido de la Gente (PDG),\u00a0<span class=\"destacador destacado\">criticaron la reciente designaci\u00f3n de Ais\u00e9n Etcheverry como jefa de asesores de la Presidencia, tras la salida de Felipe Melo<\/span>.<\/p>\n<p>Rodr\u00edguez se\u00f1al\u00f3 que la elecci\u00f3n de Etcheverry, quien antes fue ministra de Ciencias y ministra vocera de Gobierno subrogante, refleja una preocupante falta de solidez en la gesti\u00f3n, se\u00f1alando que \u201c<strong>no podemos seguir con esta pr\u00e1ctica de \u2018sillita musical\u2019 donde cada cambio solo nos lleva a m\u00e1s inestabilidad<\/strong>\u201c.<\/p>\n<p>\u201cAis\u00e9n Etcheverry ha sido, desafortunadamente, el comod\u00edn del gobierno, y eso debe ser motivo de preocupaci\u00f3n para todos los chilenos. Necesitamos liderazgos que sean firmes y que realmente trabajen por la gente. La acomodaci\u00f3n sin experiencia t\u00e9cnica demuestra un Gobierno amateur y sorpresa, este es su \u00faltimo a\u00f1o\u201d, subray\u00f3.<\/p>\n<p>Por su parte, Becerra asegur\u00f3 que el nuevo rol de la exministra deber\u00eda ser visto como un s\u00edntoma de indecisi\u00f3n y falta de direcci\u00f3n del Gobierno. En esa l\u00ednea, afirm\u00f3: \u201cCon cada cambio en el gabinete, parece que el gobierno se aleja m\u00e1s de sus promesas y compromisos.\u00a0<strong>Est\u00e1n esperando que todo esto se termine, sin importar las consecuencias para el pa\u00eds<\/strong>\u201c.<\/p>\n<h2>Briones (PDG) acusa falta de estrategia en el Gobierno<\/h2>\n<p>En tanto, Briones enfatiz\u00f3 que la gesti\u00f3n de la presidencia deber\u00eda centrarse en temas cruciales que afectan a la ciudadan\u00eda, en lugar de entrar en una din\u00e1mica de rotaci\u00f3n constante de funcionarios.<\/p>\n<p>\u201cLa falta de una estrategia clara y coherente est\u00e1 puesta de manifiesto con este \u00faltimo nombramiento.\u00a0<strong>No act\u00faan como un Gobierno que se preocupa por la construcci\u00f3n de un equipo s\u00f3lido; est\u00e1n m\u00e1s enfocados en sobrevivir hasta el final del mandato<\/strong>\u201c, concluy\u00f3.<\/p>\n<p>Cabe destacar que previo a su \u00faltimo nombramiento,\u00a0<span class=\"destacador destacado\">Etcheverry ya formaba parte del gabinete presidencial -del Presidente Gabriel Boric- como Jefa de Planificaci\u00f3n Estrat\u00e9gica<\/span>, ocupando un rol t\u00e9cnico en el n\u00facleo pol\u00edtico del Gobierno.<\/p>\n","protected":false},"excerpt":{"rendered":"<p>Los parlamentarios electos del Partido Republicano (Rep), Javiera Rodr\u00edguez y Valentina Becerra, junto a Patricio Briones, del Partido de la Gente (PDG),\u00a0criticaron la reciente designaci\u00f3n&hellip; <\/p>\n","protected":false},"author":7,"featured_media":97286,"comment_status":"closed","ping_status":"closed","sticky":false,"template":"","format":"standard","meta":{"footnotes":""},"categories":[37],"tags":[],"class_list":["post-97285","post","type-post","status-publish","format-standard","has-post-thumbnail","hentry","category-nacional"],"_links":{"self":[{"href":"https:\/\/www.radioamigavallenar.cl\/index.php?rest_route=\/wp\/v2\/posts\/97285","targetHints":{"allow":["GET"]}}],"collection":[{"href":"https:\/\/www.radioamigavallenar.cl\/index.php?rest_route=\/wp\/v2\/posts"}],"about":[{"href":"https:\/\/www.radioamigavallenar.cl\/index.php?rest_route=\/wp\/v2\/types\/post"}],"author":[{"embeddable":true,"href":"https:\/\/www.radioamigavallenar.cl\/index.php?rest_route=\/wp\/v2\/users\/7"}],"replies":[{"embeddable":true,"href":"https:\/\/www.radioamigavallenar.cl\/index.php?rest_route=%2Fwp%2Fv2%2Fcomments&post=97285"}],"version-history":[{"count":1,"href":"https:\/\/www.radioamigavallenar.cl\/index.php?rest_route=\/wp\/v2\/posts\/97285\/revisions"}],"predecessor-version":[{"id":97287,"href":"https:\/\/www.radioamigavallenar.cl\/index.php?rest_route=\/wp\/v2\/posts\/97285\/revisions\/97287"}],"wp:featuredmedia":[{"embeddable":true,"href":"https:\/\/www.radioamigavallenar.cl\/index.php?rest_route=\/wp\/v2\/media\/97286"}],"wp:attachment":[{"href":"https:\/\/www.radioamigavallenar.cl\/index.php?rest_route=%2Fwp%2Fv2%2Fmedia&parent=97285"}],"wp:term":[{"taxonomy":"category","embeddable":true,"href":"https:\/\/www.radioamigavallenar.cl\/index.php?rest_route=%2Fwp%2Fv2%2Fcategories&post=97285"},{"taxonomy":"post_tag","embeddable":true,"href":"https:\/\/www.radioamigavallenar.cl\/index.php?rest_route=%2Fwp%2Fv2%2Ftags&post=97285"}],"curies":[{"name":"wp","href":"https:\/\/api.w.org\/{rel}","templated":true}]}}