{"id":97280,"date":"2026-01-07T11:15:22","date_gmt":"2026-01-07T14:15:22","guid":{"rendered":"https:\/\/www.radioamigavallenar.cl\/?p=97280"},"modified":"2026-01-07T11:15:22","modified_gmt":"2026-01-07T14:15:22","slug":"enami-mejora-el-acceso-de-productores-mineros-a-los-fondos-del-programa-de-reconocimiento-de-recursos-y-o-reservas","status":"publish","type":"post","link":"https:\/\/www.radioamigavallenar.cl\/?p=97280","title":{"rendered":"ENAMI mejora el acceso de productores mineros a los fondos del  Programa de Reconocimiento de Recursos y\/o Reservas"},"content":{"rendered":"<p><strong>La versi\u00f3n 2026 de este programa de fomento hizo adecuaci\u00f3n de requisitos lo que permitir\u00e1 financiar proyectos a productores que antes no pod\u00edan postular. <\/strong><\/p>\n<p>&nbsp;<\/p>\n<p>Importantes cambios en beneficio de los peque\u00f1os productores mineros contempla la versi\u00f3n 2026 del Programa de Reconocimiento de Recursos y\/o Reservas de la Empresa Nacional de Miner\u00eda (ENAMI).<\/p>\n<p>&nbsp;<\/p>\n<p>La convocatoria actual incorpora ajustes en los requisitos, lo que abre la posibilidad de financiar proyectos a productores que anteriormente no calificaban para ello, siempre y cuando sean viables desde el punto de vista econ\u00f3mico y t\u00e9cnico, de acuerdo con el an\u00e1lisis que realizar\u00e1 el Comit\u00e9 de Miner\u00eda y Cr\u00e9ditos Zonal de la estatal.<\/p>\n<p>&nbsp;<\/p>\n<p>El VPE de ENAMI, Iv\u00e1n Mlynarz, destac\u00f3 que \u201cel cambio que aplicamos para la convocatoria 2026 del programa va en directo apoyo a los peque\u00f1os mineros, y es una oportunidad para productores que antes no pod\u00edan postular. Como muchos de ellos arriendan y su equipamiento es insuficiente para dejar una garant\u00eda, ENAMI ahora les dice es que, si tienen un buen proyecto, postulen, y podr\u00e1n acceder a los fondos que les permitir\u00e1 concretar su negocio, con financiamiento de hasta USD 50.000, sin disponer de garant\u00edas reales\u201d.<\/p>\n<p>&nbsp;<\/p>\n<p>El Programa de Reconocimiento de Recursos y\/o Reservas est\u00e1 disponible para peque\u00f1os productores que procesen hasta 2.000 toneladas de minerales al mes, incluyendo aquellos que al momento de la postulaci\u00f3n no cuenten con ventas.\u00a0 Al igual que la versi\u00f3n anterior, los productores podr\u00e1n acceder a la entrega anticipada del 30% del total del proyecto.<\/p>\n<p>&nbsp;<\/p>\n<p>La convocatoria permite financiar un monto m\u00e1ximo anual de hasta USD 250.000 por proyecto, para desarrollar labores mineras como piques, galer\u00edas, chimeneas, fortificaci\u00f3n, zanjas, descarpes y excavaciones. sondajes, estudios geol\u00f3gicos, geoqu\u00edmicos, geomec\u00e1nicas, topogr\u00e1ficos, y servicios de ingenier\u00eda, entre otros.<\/p>\n<p>&nbsp;<\/p>\n<p>Para postular a este concurso se debe ingresar a trav\u00e9s de la plataforma <a href=\"https:\/\/www.fondos.gob.cl\/\">https:\/\/www.fondos.gob.cl\/<\/a><a href=\"https:\/\/www.fondos.gob.cl\/\">.<\/a> Las bases t\u00e9cnicas y administrativas y el calendario de postulaci\u00f3n se encuentran publicadas en la p\u00e1gina web de la Empresa Nacional de Miner\u00eda <a href=\"https:\/\/www.enami.cl\/Fomento\/Pages\/Instrumento-de-Fomento.aspx\">(<\/a><a href=\"https:\/\/www.enami.cl\/Fomento\/Pages\/Instrumento-de-Fomento.aspx\">https:\/\/www.enami.cl\/Fomento\/Pages\/Instrumento<\/a><a href=\"https:\/\/www.enami.cl\/Fomento\/Pages\/Instrumento-de-Fomento.aspx\">&#8211;<\/a><a href=\"https:\/\/www.enami.cl\/Fomento\/Pages\/Instrumento-de-Fomento.aspx\">de<\/a><a href=\"https:\/\/www.enami.cl\/Fomento\/Pages\/Instrumento-de-Fomento.aspx\">&#8211;<\/a><a href=\"https:\/\/www.enami.cl\/Fomento\/Pages\/Instrumento-de-Fomento.aspx\">Fomento.aspx<\/a> ) y est\u00e1n a disposici\u00f3n en las oficinas mineras de la ENAMI a lo largo de todo el pa\u00eds.<\/p>\n","protected":false},"excerpt":{"rendered":"<p>La versi\u00f3n 2026 de este programa de fomento hizo adecuaci\u00f3n de requisitos lo que permitir\u00e1 financiar proyectos a productores que antes no pod\u00edan postular. &nbsp;&hellip; <\/p>\n","protected":false},"author":7,"featured_media":71262,"comment_status":"closed","ping_status":"closed","sticky":false,"template":"","format":"standard","meta":{"footnotes":""},"categories":[7],"tags":[],"class_list":["post-97280","post","type-post","status-publish","format-standard","has-post-thumbnail","hentry","category-atacama"],"_links":{"self":[{"href":"https:\/\/www.radioamigavallenar.cl\/index.php?rest_route=\/wp\/v2\/posts\/97280","targetHints":{"allow":["GET"]}}],"collection":[{"href":"https:\/\/www.radioamigavallenar.cl\/index.php?rest_route=\/wp\/v2\/posts"}],"about":[{"href":"https:\/\/www.radioamigavallenar.cl\/index.php?rest_route=\/wp\/v2\/types\/post"}],"author":[{"embeddable":true,"href":"https:\/\/www.radioamigavallenar.cl\/index.php?rest_route=\/wp\/v2\/users\/7"}],"replies":[{"embeddable":true,"href":"https:\/\/www.radioamigavallenar.cl\/index.php?rest_route=%2Fwp%2Fv2%2Fcomments&post=97280"}],"version-history":[{"count":1,"href":"https:\/\/www.radioamigavallenar.cl\/index.php?rest_route=\/wp\/v2\/posts\/97280\/revisions"}],"predecessor-version":[{"id":97281,"href":"https:\/\/www.radioamigavallenar.cl\/index.php?rest_route=\/wp\/v2\/posts\/97280\/revisions\/97281"}],"wp:featuredmedia":[{"embeddable":true,"href":"https:\/\/www.radioamigavallenar.cl\/index.php?rest_route=\/wp\/v2\/media\/71262"}],"wp:attachment":[{"href":"https:\/\/www.radioamigavallenar.cl\/index.php?rest_route=%2Fwp%2Fv2%2Fmedia&parent=97280"}],"wp:term":[{"taxonomy":"category","embeddable":true,"href":"https:\/\/www.radioamigavallenar.cl\/index.php?rest_route=%2Fwp%2Fv2%2Fcategories&post=97280"},{"taxonomy":"post_tag","embeddable":true,"href":"https:\/\/www.radioamigavallenar.cl\/index.php?rest_route=%2Fwp%2Fv2%2Ftags&post=97280"}],"curies":[{"name":"wp","href":"https:\/\/api.w.org\/{rel}","templated":true}]}}