{"id":97277,"date":"2026-01-07T11:12:52","date_gmt":"2026-01-07T14:12:52","guid":{"rendered":"https:\/\/www.radioamigavallenar.cl\/?p=97277"},"modified":"2026-01-07T11:12:52","modified_gmt":"2026-01-07T14:12:52","slug":"fiscalia-obtuvo-prision-preventiva-de-integrantes-de-banda-dedicada-al-trafico-de-droga-en-copiapo","status":"publish","type":"post","link":"https:\/\/www.radioamigavallenar.cl\/?p=97277","title":{"rendered":"Fiscal\u00eda obtuvo prisi\u00f3n preventiva de integrantes de banda dedicada al tr\u00e1fico de droga en Copiap\u00f3"},"content":{"rendered":"<p align=\"justify\"><strong><span lang=\"es-ES\">Trabajo investigativo desarrollado junto a la Brigada Antinarc\u00f3ticos de la PDI, la que se extendi\u00f3 por varios meses, permiti\u00f3 la detenci\u00f3n de nueve personas, y la desarticulaci\u00f3n de puntos de venta de marihuana en esta ciudad.<\/span><\/strong><\/p>\n<p align=\"justify\"><span lang=\"es-ES\">La Unidad de An\u00e1lisis Criminal y Focos Investigativos (SACFI) de la Fiscal\u00eda de Atacama formaliz\u00f3 la investigaci\u00f3n en contra de nueve imputados, siete hombres y dos mujeres, detenidos por detectives de la Brigada Antinarc\u00f3ticos de la PDI en el marco de una causa que se extendi\u00f3 por varios meses en Copiap\u00f3 y que involucr\u00f3 la realizaci\u00f3n de diversas acciones investigativas.<\/span><\/p>\n<div class=\"code-block code-block-5\">\n<div id=\"sas_99435\"><\/div>\n<\/div>\n<p align=\"justify\"><span lang=\"es-ES\">En la audiencia el fiscal de la Unidad SACFI, Sebasti\u00e1n Coya, indic\u00f3 que a partir de antecedentes obtenidos en otra causa por el delito de tr\u00e1fico se obtuvo valiosa informaci\u00f3n que permiti\u00f3 indagar otra l\u00ednea investigativa que arroj\u00f3 resultados positivos el pasado 31 de diciembre cuando se detect\u00f3 el traslado de droga hacia la capital regional, lo que motiv\u00f3 inmediatas diligencias a cargo de la BRIANT de la PDI. Trabajo policial que deriv\u00f3 en la detenci\u00f3n de cuatro ciudadanos extranjeros y la incautaci\u00f3n de marihuana en el domicilio en que se realiz\u00f3 la aprehensi\u00f3n de los imputados. \u201cLuego de este procedimiento las indagatorias continuaron frente a los antecedentes que se manejaban y que daban cuenta de la participaci\u00f3n de un ciudadano chileno en las transacciones de droga. Funci\u00f3n que se extendi\u00f3 hasta el pasado 2 de enero cuando se llev\u00f3 a cabo un segundo procedimiento luego de advertir movimientos sospechosos en uno de los domicilios de inter\u00e9s como posible punto de venta de droga, ocasi\u00f3n en que se detuvo a otras cinco personas y nuevamente la incautaci\u00f3n de una gran cantidad de marihuana\u201d, dijo el fiscal.<\/span><\/p>\n<p align=\"justify\"><span lang=\"es-ES\">Sebasti\u00e1n Coya indic\u00f3 que esta causa es el reflejo de c\u00f3mo la Fiscal\u00eda y la PDI realizan el cruce de informaci\u00f3n de los distintos casos que indagan y de los resultados que esta labor tiene, ya que la persecuci\u00f3n penal de cada imputado no termina con la formalizaci\u00f3n.<\/span><\/p>\n<p style=\"text-align: center;\" align=\"justify\"><strong><span lang=\"es-ES\">PRISI\u00d3N PREVENTIVA<\/span><\/strong><\/p>\n<p align=\"justify\"><span lang=\"es-ES\">En la audiencia en que se comunicaron los cargos la Fiscal\u00eda argument\u00f3 la participaci\u00f3n consumada de parte de los detenidos y circunstancial respecto de otros en los hechos investigados y c\u00f3mo algunos de ellos sostuvieron comunicaci\u00f3n para concertar el transporte y la entrega de la ilegal sustancia.<\/span><\/p>\n<p align=\"justify\"><span lang=\"es-ES\">Frente a ello, en la audiencia el fiscal Coya solicit\u00f3 y obtuvo la medida cautelar de prisi\u00f3n preventiva de seis detenidos, un ciudadano chileno y cinco extranjeros, quienes ingresaron privados de libertad a la c\u00e1rcel de esta ciudad, mientras que otros tres imputados cumplir\u00e1n arresto domiciliario total.<\/span><\/p>\n","protected":false},"excerpt":{"rendered":"<p>Trabajo investigativo desarrollado junto a la Brigada Antinarc\u00f3ticos de la PDI, la que se extendi\u00f3 por varios meses, permiti\u00f3 la detenci\u00f3n de nueve personas, y&hellip; <\/p>\n","protected":false},"author":7,"featured_media":97278,"comment_status":"closed","ping_status":"closed","sticky":false,"template":"","format":"standard","meta":{"footnotes":""},"categories":[38],"tags":[],"class_list":["post-97277","post","type-post","status-publish","format-standard","has-post-thumbnail","hentry","category-portada-regional"],"_links":{"self":[{"href":"https:\/\/www.radioamigavallenar.cl\/index.php?rest_route=\/wp\/v2\/posts\/97277","targetHints":{"allow":["GET"]}}],"collection":[{"href":"https:\/\/www.radioamigavallenar.cl\/index.php?rest_route=\/wp\/v2\/posts"}],"about":[{"href":"https:\/\/www.radioamigavallenar.cl\/index.php?rest_route=\/wp\/v2\/types\/post"}],"author":[{"embeddable":true,"href":"https:\/\/www.radioamigavallenar.cl\/index.php?rest_route=\/wp\/v2\/users\/7"}],"replies":[{"embeddable":true,"href":"https:\/\/www.radioamigavallenar.cl\/index.php?rest_route=%2Fwp%2Fv2%2Fcomments&post=97277"}],"version-history":[{"count":1,"href":"https:\/\/www.radioamigavallenar.cl\/index.php?rest_route=\/wp\/v2\/posts\/97277\/revisions"}],"predecessor-version":[{"id":97279,"href":"https:\/\/www.radioamigavallenar.cl\/index.php?rest_route=\/wp\/v2\/posts\/97277\/revisions\/97279"}],"wp:featuredmedia":[{"embeddable":true,"href":"https:\/\/www.radioamigavallenar.cl\/index.php?rest_route=\/wp\/v2\/media\/97278"}],"wp:attachment":[{"href":"https:\/\/www.radioamigavallenar.cl\/index.php?rest_route=%2Fwp%2Fv2%2Fmedia&parent=97277"}],"wp:term":[{"taxonomy":"category","embeddable":true,"href":"https:\/\/www.radioamigavallenar.cl\/index.php?rest_route=%2Fwp%2Fv2%2Fcategories&post=97277"},{"taxonomy":"post_tag","embeddable":true,"href":"https:\/\/www.radioamigavallenar.cl\/index.php?rest_route=%2Fwp%2Fv2%2Ftags&post=97277"}],"curies":[{"name":"wp","href":"https:\/\/api.w.org\/{rel}","templated":true}]}}