{"id":97275,"date":"2026-01-07T11:06:54","date_gmt":"2026-01-07T14:06:54","guid":{"rendered":"https:\/\/www.radioamigavallenar.cl\/?p=97275"},"modified":"2026-01-07T11:06:54","modified_gmt":"2026-01-07T14:06:54","slug":"sigue-cayendo-dolar-se-acerca-a-los-890-mientras-el-mercado-esta-atento-a-datos-laborales-en-ee-uu","status":"publish","type":"post","link":"https:\/\/www.radioamigavallenar.cl\/?p=97275","title":{"rendered":"Sigue cayendo: D\u00f3lar se acerca a los $890 mientras el mercado est\u00e1 atento a datos laborales en EE.UU."},"content":{"rendered":"<p>El d\u00f3lar abri\u00f3 la jornada de este mi\u00e9rcoles con una baja de $2 en el mercado cambiario local, en una sesi\u00f3n marcada por el soporte al peso chileno del rally del cobre y por un dato de balanza comercial mejor a lo esperado.<\/p>\n<p>En concreto, a las 9.21 horas, el tipo de cambio se ubicaba en puntas de $892,15 vendedor y $891,78 comprador. Al respecto, Felipe Sep\u00falveda Soto, analista jefe de Admirals Latinoam\u00e9rica, explic\u00f3 que el movimiento se da \u00aben una apertura donde el peso se ve respaldado tanto por el rally del cobre \u2014que sigue operando en niveles hist\u00f3ricamente elevados como por fundamentos locales, particularmente un dato de balanza comercial mejor a lo esperado, mientras el escenario externo se mantiene pr\u00e1cticamente neutral para la divisa estadounidense\u00bb.<\/p>\n<p>En el plano local, agreg\u00f3 que \u00abla balanza comercial de Chile mostr\u00f3 un super\u00e1vit mayor al anticipado, con un registro de US$3,59 mil millones en la \u00faltima publicaci\u00f3n, por encima del dato previo de US$1,9 mil millones, reforzando la percepci\u00f3n de mayor entrada neta de divisas y dando soporte adicional al peso\u00bb.<\/p>\n<p>En cuanto al contexto externo, Sep\u00falveda se\u00f1al\u00f3 que \u00abel Dollar Index se mantiene estable, cerca de 98,2, en un mercado que ha preferido centrarse en la trayectoria de tasas de la Fed m\u00e1s que en factores geopol\u00edticos\u00bb. A\u00f1adiendo que \u00ablos inversionistas esperan datos laborales clave, ADP, JOLTS y especialmente el NFP del viernes para recalibrar expectativas, con el consenso a\u00fan inclinado a dos recortes de tasas durante el a\u00f1o\u00bb.<\/p>\n<p>En la misma l\u00ednea, Ignacio Mieres, Head of Research de XTB Latam, sostuvo que \u00abla fortaleza del cobre, pese a correcciones puntuales, contin\u00faa siendo un soporte relevante para el peso chileno, en este contexto, el tipo de cambio podr\u00eda consolidarse por debajo de $890 y, si los datos laborales de EE.UU. no generan alta volatilidad, extender la ca\u00edda hacia la zona de $885 durante la jornada\u00bb.<\/p>\n","protected":false},"excerpt":{"rendered":"<p>El d\u00f3lar abri\u00f3 la jornada de este mi\u00e9rcoles con una baja de $2 en el mercado cambiario local, en una sesi\u00f3n marcada por el soporte&hellip; <\/p>\n","protected":false},"author":7,"featured_media":72069,"comment_status":"closed","ping_status":"closed","sticky":false,"template":"","format":"standard","meta":{"footnotes":""},"categories":[37],"tags":[],"class_list":["post-97275","post","type-post","status-publish","format-standard","has-post-thumbnail","hentry","category-nacional"],"_links":{"self":[{"href":"https:\/\/www.radioamigavallenar.cl\/index.php?rest_route=\/wp\/v2\/posts\/97275","targetHints":{"allow":["GET"]}}],"collection":[{"href":"https:\/\/www.radioamigavallenar.cl\/index.php?rest_route=\/wp\/v2\/posts"}],"about":[{"href":"https:\/\/www.radioamigavallenar.cl\/index.php?rest_route=\/wp\/v2\/types\/post"}],"author":[{"embeddable":true,"href":"https:\/\/www.radioamigavallenar.cl\/index.php?rest_route=\/wp\/v2\/users\/7"}],"replies":[{"embeddable":true,"href":"https:\/\/www.radioamigavallenar.cl\/index.php?rest_route=%2Fwp%2Fv2%2Fcomments&post=97275"}],"version-history":[{"count":1,"href":"https:\/\/www.radioamigavallenar.cl\/index.php?rest_route=\/wp\/v2\/posts\/97275\/revisions"}],"predecessor-version":[{"id":97276,"href":"https:\/\/www.radioamigavallenar.cl\/index.php?rest_route=\/wp\/v2\/posts\/97275\/revisions\/97276"}],"wp:featuredmedia":[{"embeddable":true,"href":"https:\/\/www.radioamigavallenar.cl\/index.php?rest_route=\/wp\/v2\/media\/72069"}],"wp:attachment":[{"href":"https:\/\/www.radioamigavallenar.cl\/index.php?rest_route=%2Fwp%2Fv2%2Fmedia&parent=97275"}],"wp:term":[{"taxonomy":"category","embeddable":true,"href":"https:\/\/www.radioamigavallenar.cl\/index.php?rest_route=%2Fwp%2Fv2%2Fcategories&post=97275"},{"taxonomy":"post_tag","embeddable":true,"href":"https:\/\/www.radioamigavallenar.cl\/index.php?rest_route=%2Fwp%2Fv2%2Ftags&post=97275"}],"curies":[{"name":"wp","href":"https:\/\/api.w.org\/{rel}","templated":true}]}}