{"id":97273,"date":"2026-01-07T10:25:23","date_gmt":"2026-01-07T13:25:23","guid":{"rendered":"https:\/\/www.radioamigavallenar.cl\/?p=97273"},"modified":"2026-01-07T10:25:23","modified_gmt":"2026-01-07T13:25:23","slug":"atacama-tiene-12-puntajes-nacionales-paes-colegios-privados-lideran-resultados","status":"publish","type":"post","link":"https:\/\/www.radioamigavallenar.cl\/?p=97273","title":{"rendered":"Atacama tiene 12 puntajes nacionales PAES: colegios privados lideran resultados"},"content":{"rendered":"<p>Atacama volvi\u00f3 a situarse en el centro del debate educativo nacional tras conocerse los resultados de la Prueba de Acceso a la Educaci\u00f3n Superior (PAES) 2026. En un escenario regional complejo, donde los promedios generales no son los esperados, emergen historias de alto rendimiento acad\u00e9mico que dan cuenta del esfuerzo sostenido de estudiantes, familias y comunidades educativas.<\/p>\n<p>Los puntajes nacionales obtenidos por alumnos de distintos establecimientos de la regi\u00f3n, se transformaron en un s\u00edmbolo de excelencia en medio de los malos resultados regionales.<br \/>\nEntre los casos destacados se encuentra el del Colegio Alicanto, donde \u00d3scar Castro D\u00edaz alcanz\u00f3 el Puntaje Nacional de 1.000 puntos en Matem\u00e1tica 1.<\/p>\n<p>En la Scuola Italiana Giuseppe Verdi hay cinco estudiantes, entre ellos Santiago Gaete, Angelo Silva, Tom\u00e1s Mu\u00f1oz, Vittorio Pellegrini y Vicente Barrera, quienes lograron puntajes nacionales en Matem\u00e1tica 1, consolidando a este establecimiento como uno de los referentes locales en la prueba.<br \/>\nA ellos se suma Isidora Becerra L\u00f3pez, del Colegio San Agust\u00edn de Atacama, quien obtuvo 1.000 puntos en Matem\u00e1tica 1.<\/p>\n<p>El listado de logros regionales se completa con Fernanda Vera, del Colegio San Francisco de La Selva, quien tambi\u00e9n consigui\u00f3 Puntaje Nacional en Matem\u00e1tica 1, al igual que Andr\u00e9s Zavaleta, Diego Rojas y Micaela Silva, estudiantes del Colegio Particular San Lorenzo, junto a Catalina Castro del Liceo de M\u00fasica de Copiap\u00f3.<\/p>\n","protected":false},"excerpt":{"rendered":"<p>Atacama volvi\u00f3 a situarse en el centro del debate educativo nacional tras conocerse los resultados de la Prueba de Acceso a la Educaci\u00f3n Superior (PAES)&hellip; <\/p>\n","protected":false},"author":7,"featured_media":70808,"comment_status":"closed","ping_status":"closed","sticky":false,"template":"","format":"standard","meta":{"footnotes":""},"categories":[38],"tags":[],"class_list":["post-97273","post","type-post","status-publish","format-standard","has-post-thumbnail","hentry","category-portada-regional"],"_links":{"self":[{"href":"https:\/\/www.radioamigavallenar.cl\/index.php?rest_route=\/wp\/v2\/posts\/97273","targetHints":{"allow":["GET"]}}],"collection":[{"href":"https:\/\/www.radioamigavallenar.cl\/index.php?rest_route=\/wp\/v2\/posts"}],"about":[{"href":"https:\/\/www.radioamigavallenar.cl\/index.php?rest_route=\/wp\/v2\/types\/post"}],"author":[{"embeddable":true,"href":"https:\/\/www.radioamigavallenar.cl\/index.php?rest_route=\/wp\/v2\/users\/7"}],"replies":[{"embeddable":true,"href":"https:\/\/www.radioamigavallenar.cl\/index.php?rest_route=%2Fwp%2Fv2%2Fcomments&post=97273"}],"version-history":[{"count":1,"href":"https:\/\/www.radioamigavallenar.cl\/index.php?rest_route=\/wp\/v2\/posts\/97273\/revisions"}],"predecessor-version":[{"id":97274,"href":"https:\/\/www.radioamigavallenar.cl\/index.php?rest_route=\/wp\/v2\/posts\/97273\/revisions\/97274"}],"wp:featuredmedia":[{"embeddable":true,"href":"https:\/\/www.radioamigavallenar.cl\/index.php?rest_route=\/wp\/v2\/media\/70808"}],"wp:attachment":[{"href":"https:\/\/www.radioamigavallenar.cl\/index.php?rest_route=%2Fwp%2Fv2%2Fmedia&parent=97273"}],"wp:term":[{"taxonomy":"category","embeddable":true,"href":"https:\/\/www.radioamigavallenar.cl\/index.php?rest_route=%2Fwp%2Fv2%2Fcategories&post=97273"},{"taxonomy":"post_tag","embeddable":true,"href":"https:\/\/www.radioamigavallenar.cl\/index.php?rest_route=%2Fwp%2Fv2%2Ftags&post=97273"}],"curies":[{"name":"wp","href":"https:\/\/api.w.org\/{rel}","templated":true}]}}