{"id":97270,"date":"2026-01-07T08:48:15","date_gmt":"2026-01-07T11:48:15","guid":{"rendered":"https:\/\/www.radioamigavallenar.cl\/?p=97270"},"modified":"2026-01-07T08:48:15","modified_gmt":"2026-01-07T11:48:15","slug":"se-vienen-tres-dias-de-alto-nivel-competitivo-en-las-rutas-de-la-provincia","status":"publish","type":"post","link":"https:\/\/www.radioamigavallenar.cl\/?p=97270","title":{"rendered":"Se vienen tres d\u00edas de alto nivel competitivo en las rutas de la provincia."},"content":{"rendered":"<p>Del 9 al 11 de enero, Vallenar, Huasco y Freirina ser\u00e1n protagonistas de una exigente competencia de ciclismo de ruta que reunir\u00e1 velocidad, estrategia y resistencia en escenarios urbanos y fondos de gran dificultad, consolidando al Valle del Huasco como un polo del ciclismo regional<\/p>\n<p>La Vuelta al Valle del Huasco 2025 se tomar\u00e1 las carreteras de la provincia con una de las pruebas m\u00e1s desafiantes del calendario deportivo regional. Ser\u00e1n tres jornadas de intensa competencia, donde las y los ciclistas deber\u00e1n enfrentar circuitos urbanos y fondos de largo aliento en un entorno natural privilegiado.<\/p>\n<p>La acci\u00f3n comenzar\u00e1 el viernes 9 de enero, desde las 16:00 horas, con la Etapa 1 en modalidad de circuito urbano, la cual se desarrollar\u00e1 en el sector del Polideportivo de Vallenar, marcando el inicio oficial de la competencia con un trazado r\u00e1pido y t\u00e9cnico. Debido a esta etapa, se contemplan interferencias temporales de tr\u00e1nsito en Avenida Costanera Norte, calle Serrano y calle Algarrobilla, en la comuna de Vallenar.<\/p>\n<p>El s\u00e1bado 10 de enero ser\u00e1 el turno de la Etapa 2: Fondo Huasco, una prueba de alta exigencia con 120 kil\u00f3metros de recorrido, con largada en la comuna de Huasco y llegada en Huasco Bajo, donde la resistencia y la estrategia jugar\u00e1n un rol clave.<\/p>\n<p>Finalmente, el domingo 11 de enero, la competencia cerrar\u00e1 con la Etapa 3: Fondo Freirina, con partida desde el Edificio Portales de Freirina y llegada en el By Pass de Freirina, tras un recorrido de 80 kil\u00f3metros, definiendo a las y los ganadores de esta edici\u00f3n 2025.<\/p>\n<p>Este importante evento deportivo es financiado por el Gobierno Regional de Atacama, reafirmando el compromiso con el fomento del deporte, la vida sana y el desarrollo local en la provincia del Huasco.<\/p>\n","protected":false},"excerpt":{"rendered":"<p>Del 9 al 11 de enero, Vallenar, Huasco y Freirina ser\u00e1n protagonistas de una exigente competencia de ciclismo de ruta que reunir\u00e1 velocidad, estrategia y&hellip; <\/p>\n","protected":false},"author":7,"featured_media":97271,"comment_status":"closed","ping_status":"closed","sticky":false,"template":"","format":"standard","meta":{"footnotes":""},"categories":[7],"tags":[],"class_list":["post-97270","post","type-post","status-publish","format-standard","has-post-thumbnail","hentry","category-atacama"],"_links":{"self":[{"href":"https:\/\/www.radioamigavallenar.cl\/index.php?rest_route=\/wp\/v2\/posts\/97270","targetHints":{"allow":["GET"]}}],"collection":[{"href":"https:\/\/www.radioamigavallenar.cl\/index.php?rest_route=\/wp\/v2\/posts"}],"about":[{"href":"https:\/\/www.radioamigavallenar.cl\/index.php?rest_route=\/wp\/v2\/types\/post"}],"author":[{"embeddable":true,"href":"https:\/\/www.radioamigavallenar.cl\/index.php?rest_route=\/wp\/v2\/users\/7"}],"replies":[{"embeddable":true,"href":"https:\/\/www.radioamigavallenar.cl\/index.php?rest_route=%2Fwp%2Fv2%2Fcomments&post=97270"}],"version-history":[{"count":1,"href":"https:\/\/www.radioamigavallenar.cl\/index.php?rest_route=\/wp\/v2\/posts\/97270\/revisions"}],"predecessor-version":[{"id":97272,"href":"https:\/\/www.radioamigavallenar.cl\/index.php?rest_route=\/wp\/v2\/posts\/97270\/revisions\/97272"}],"wp:featuredmedia":[{"embeddable":true,"href":"https:\/\/www.radioamigavallenar.cl\/index.php?rest_route=\/wp\/v2\/media\/97271"}],"wp:attachment":[{"href":"https:\/\/www.radioamigavallenar.cl\/index.php?rest_route=%2Fwp%2Fv2%2Fmedia&parent=97270"}],"wp:term":[{"taxonomy":"category","embeddable":true,"href":"https:\/\/www.radioamigavallenar.cl\/index.php?rest_route=%2Fwp%2Fv2%2Fcategories&post=97270"},{"taxonomy":"post_tag","embeddable":true,"href":"https:\/\/www.radioamigavallenar.cl\/index.php?rest_route=%2Fwp%2Fv2%2Ftags&post=97270"}],"curies":[{"name":"wp","href":"https:\/\/api.w.org\/{rel}","templated":true}]}}