{"id":97267,"date":"2026-01-07T08:46:30","date_gmt":"2026-01-07T11:46:30","guid":{"rendered":"https:\/\/www.radioamigavallenar.cl\/?p=97267"},"modified":"2026-01-07T08:46:30","modified_gmt":"2026-01-07T11:46:30","slug":"alcalde-de-huasco-refuerza-coordinacion-con-carabineros-en-carrizal-bajo-durante-temporada-estival","status":"publish","type":"post","link":"https:\/\/www.radioamigavallenar.cl\/?p=97267","title":{"rendered":"Alcalde de Huasco refuerza coordinaci\u00f3n con Carabineros en Carrizal Bajo durante temporada estival"},"content":{"rendered":"<p>Con el objetivo de fortalecer la seguridad y resguardar a la comunidad durante la temporada de verano, el alcalde de Huasco, Genaro Brice\u00f1o Tapia, sostuvo una reuni\u00f3n con la dotaci\u00f3n de Carabineros que ya se encuentra desplegada de manera permanente en la localidad de Carrizal Bajo.<\/p>\n<p>En el encuentro, el jefe comunal destac\u00f3 la relevancia del trabajo conjunto entre el municipio, Carabineros y la comunidad organizada, subrayando que esta coordinaci\u00f3n permite reforzar la presencia policial, mejorar la prevenci\u00f3n del delito y optimizar la capacidad de respuesta ante eventuales situaciones que puedan surgir en un periodo marcado por el aumento de visitantes.<\/p>\n<p>\u201cDurante la temporada estival aumenta significativamente la afluencia de p\u00fablico en Carrizal Bajo, por lo que es fundamental contar con una presencia permanente de Carabineros y una coordinaci\u00f3n efectiva con el municipio y los vecinos\u201d, se\u00f1al\u00f3 el alcalde Brice\u00f1o.<\/p>\n<p>En la reuni\u00f3n tambi\u00e9n participaron el presidente de la Junta de Vecinos de Carrizal Bajo, Hugo P\u00e9rez, y la encargada de Seguridad P\u00fablica de la Municipalidad de Huasco, Evelyn Parra, quienes valoraron positivamente el despliegue policial en la localidad y reafirmaron el compromiso de seguir trabajando de manera articulada para entregar mayor tranquilidad y seguridad tanto a los residentes como a quienes visitan el sector.<\/p>\n<p>Desde el municipio reiteraron que estas acciones forman parte de una estrategia preventiva integral, orientada a garantizar un verano seguro para toda la comunidad de Carrizal Bajo.<\/p>\n","protected":false},"excerpt":{"rendered":"<p>Con el objetivo de fortalecer la seguridad y resguardar a la comunidad durante la temporada de verano, el alcalde de Huasco, Genaro Brice\u00f1o Tapia, sostuvo&hellip; <\/p>\n","protected":false},"author":7,"featured_media":97268,"comment_status":"closed","ping_status":"closed","sticky":false,"template":"","format":"standard","meta":{"footnotes":""},"categories":[7],"tags":[],"class_list":["post-97267","post","type-post","status-publish","format-standard","has-post-thumbnail","hentry","category-atacama"],"_links":{"self":[{"href":"https:\/\/www.radioamigavallenar.cl\/index.php?rest_route=\/wp\/v2\/posts\/97267","targetHints":{"allow":["GET"]}}],"collection":[{"href":"https:\/\/www.radioamigavallenar.cl\/index.php?rest_route=\/wp\/v2\/posts"}],"about":[{"href":"https:\/\/www.radioamigavallenar.cl\/index.php?rest_route=\/wp\/v2\/types\/post"}],"author":[{"embeddable":true,"href":"https:\/\/www.radioamigavallenar.cl\/index.php?rest_route=\/wp\/v2\/users\/7"}],"replies":[{"embeddable":true,"href":"https:\/\/www.radioamigavallenar.cl\/index.php?rest_route=%2Fwp%2Fv2%2Fcomments&post=97267"}],"version-history":[{"count":1,"href":"https:\/\/www.radioamigavallenar.cl\/index.php?rest_route=\/wp\/v2\/posts\/97267\/revisions"}],"predecessor-version":[{"id":97269,"href":"https:\/\/www.radioamigavallenar.cl\/index.php?rest_route=\/wp\/v2\/posts\/97267\/revisions\/97269"}],"wp:featuredmedia":[{"embeddable":true,"href":"https:\/\/www.radioamigavallenar.cl\/index.php?rest_route=\/wp\/v2\/media\/97268"}],"wp:attachment":[{"href":"https:\/\/www.radioamigavallenar.cl\/index.php?rest_route=%2Fwp%2Fv2%2Fmedia&parent=97267"}],"wp:term":[{"taxonomy":"category","embeddable":true,"href":"https:\/\/www.radioamigavallenar.cl\/index.php?rest_route=%2Fwp%2Fv2%2Fcategories&post=97267"},{"taxonomy":"post_tag","embeddable":true,"href":"https:\/\/www.radioamigavallenar.cl\/index.php?rest_route=%2Fwp%2Fv2%2Ftags&post=97267"}],"curies":[{"name":"wp","href":"https:\/\/api.w.org\/{rel}","templated":true}]}}